{"id":1510,"date":"2014-01-17T15:24:13","date_gmt":"2014-01-17T20:24:13","guid":{"rendered":"http:\/\/cahuntsic.ca\/bulletin-express\/?p=1510"},"modified":"2014-01-20T09:47:33","modified_gmt":"2014-01-20T14:47:33","slug":"bilan-de-la-journee-pedagogique-du-15-janvier","status":"publish","type":"post","link":"http:\/\/cahuntsic.ca\/bulletin-express\/bilan-de-la-journee-pedagogique-du-15-janvier\/","title":{"rendered":"Journ\u00e9e p\u00e9dagogique du 15 janvier:<br>des \u00e9changes des plus enrichissants!"},"content":{"rendered":"<p>Le 15 janvier dernier se tenait la journ\u00e9e p\u00e9dagogique de la session d\u2019hiver 2014 au Coll\u00e8ge. Plus de 200 personnes ont particip\u00e9 \u00e0 l\u2019\u00e9v\u00e9nement, qui fut un vif succ\u00e8s.<\/p>\n<p>Les participants avaient le choix entre deux pr\u00e9sentations\u00a0:<\/p>\n<p>Dans la premi\u00e8re, <strong>\u00ab\u00a0L\u2019apprentissage actif, une p\u00e9dagogie centr\u00e9e sur les \u00e9l\u00e8ves\u00a0\u00bb<\/strong>, Nathaniel Latrie, enseignant au Coll\u00e8ge John Abbott et Louis Normand, enseignant au Coll\u00e8ge de Rosemont, ont illustr\u00e9 les avantages de l\u2019apprentissage collaboratif, qui permet aux \u00e9l\u00e8ves de jouer un r\u00f4le pr\u00e9pond\u00e9rant dans leur formation.<\/p>\n<p>Dans la seconde, <strong>\u00ab\u00a0Un suivi personnalis\u00e9 pour la r\u00e9ussite des \u00e9l\u00e8ves \u00e0 risque\u00a0\u00bb<\/strong>, Sylvie Allaire et Chantal Paquette, respectivement conseill\u00e8re p\u00e9dagogique et enseignante au c\u00e9gep Andr\u00e9-Laurendeau, ont pr\u00e9sent\u00e9\u00a0 des mesures mises en place dans leur coll\u00e8ge pour soutenir les \u00e9l\u00e8ves d\u00e8s leur entr\u00e9e au coll\u00e9gial.<\/p>\n<p>Ces pr\u00e9sentations ont suscit\u00e9 l\u2019enthousiasme des participants qui y trouveront sans nul doute une inspiration pour l\u2019enrichissement de leur pratique en vue de contribuer davantage \u00e0 la r\u00e9ussite de l\u2019ensemble des \u00e9l\u00e8ves.<\/p>\n<p>Les organisateurs de cette journ\u00e9e p\u00e9dagogique remercient l\u2019ensemble des participants, qui ont fait de cet \u00e9v\u00e9nement une belle r\u00e9ussite!<\/p>\n<p><a href=\"http:\/\/cahuntsic.ca\/bulletin-express\/wp-content\/uploads\/2014\/01\/La-p\u00e9dagogie-active-Louis-Normand.pdf\"><a href=\"http:\/\/cahuntsic.ca\/bulletin-express\/wp-content\/uploads\/2014\/01\/Pedagogie_active_Louis-Normand.pdf\">&gt;&gt;&gt;Pedagogie_active_Louis Normand<\/a><\/a><\/p>\n<p><a href=\"http:\/\/cahuntsic.ca\/bulletin-express\/wp-content\/uploads\/2014\/01\/Guide-suivi-encadrement-Sylvie-Allaire.pdf\">&gt;&gt;&gt;Guide du suivi d&rsquo;encadrement p\u00e9dagogique \/ Sylvie Allaire<\/a><\/p>\n<p><a href=\"http:\/\/cahuntsic.ca\/bulletin-express\/wp-content\/uploads\/2014\/01\/Presentation-Mousqueton-Chantal-Paquette.pdf\">&gt;&gt;&gt; Presentation Mousqueton Chantal Paquette<\/a><\/p>\n<p><a href=\"http:\/\/cahuntsic.ca\/bulletin-express\/wp-content\/uploads\/2014\/01\/DSC02055.jpg\"><img loading=\"lazy\" class=\"aligncenter size-large wp-image-1532\" alt=\"???????????????????????????????\" src=\"http:\/\/cahuntsic.ca\/bulletin-express\/wp-content\/uploads\/2014\/01\/DSC02055-1024x463.jpg\" width=\"1024\" height=\"463\" srcset=\"http:\/\/cahuntsic.ca\/bulletin-express\/wp-content\/uploads\/2014\/01\/DSC02055-1024x463.jpg 1024w, http:\/\/cahuntsic.ca\/bulletin-express\/wp-content\/uploads\/2014\/01\/DSC02055-300x135.jpg 300w, http:\/\/cahuntsic.ca\/bulletin-express\/wp-content\/uploads\/2014\/01\/DSC02055-600x271.jpg 600w\" sizes=\"(max-width: 1024px) 100vw, 1024px\" \/><\/a><\/p>\n<p>&nbsp;<\/p>\n<p>Source : Service de soutien \u00e0 l&rsquo;apprentissage<\/p>\n","protected":false},"excerpt":{"rendered":"<p>Le 15 janvier dernier se tenait la journ\u00e9e p\u00e9dagogique de la session d\u2019hiver 2014 au Coll\u00e8ge. Plus de 200 personnes ont particip\u00e9 \u00e0 l\u2019\u00e9v\u00e9nement, qui fut un vif succ\u00e8s. Les participants avaient le choix entre deux pr\u00e9sentations\u00a0: Dans la premi\u00e8re, \u00ab\u00a0L\u2019apprentissage actif, une p\u00e9dagogie centr\u00e9e sur les \u00e9l\u00e8ves\u00a0\u00bb, Nathaniel Latrie, enseignant au Coll\u00e8ge John Abbott [&hellip;]<\/p>\n","protected":false},"author":2,"featured_media":1532,"comment_status":"closed","ping_status":"closed","sticky":false,"template":"","format":"standard","meta":{"_expiration-date-status":"saved","_expiration-date":0,"_expiration-date-type":"","_expiration-date-categories":[],"_expiration-date-options":[]},"categories":[2],"tags":[],"_links":{"self":[{"href":"http:\/\/cahuntsic.ca\/bulletin-express\/wp-json\/wp\/v2\/posts\/1510"}],"collection":[{"href":"http:\/\/cahuntsic.ca\/bulletin-express\/wp-json\/wp\/v2\/posts"}],"about":[{"href":"http:\/\/cahuntsic.ca\/bulletin-express\/wp-json\/wp\/v2\/types\/post"}],"author":[{"embeddable":true,"href":"http:\/\/cahuntsic.ca\/bulletin-express\/wp-json\/wp\/v2\/users\/2"}],"replies":[{"embeddable":true,"href":"http:\/\/cahuntsic.ca\/bulletin-express\/wp-json\/wp\/v2\/comments?post=1510"}],"version-history":[{"count":7,"href":"http:\/\/cahuntsic.ca\/bulletin-express\/wp-json\/wp\/v2\/posts\/1510\/revisions"}],"predecessor-version":[{"id":1527,"href":"http:\/\/cahuntsic.ca\/bulletin-express\/wp-json\/wp\/v2\/posts\/1510\/revisions\/1527"}],"wp:featuredmedia":[{"embeddable":true,"href":"http:\/\/cahuntsic.ca\/bulletin-express\/wp-json\/wp\/v2\/media\/1532"}],"wp:attachment":[{"href":"http:\/\/cahuntsic.ca\/bulletin-express\/wp-json\/wp\/v2\/media?parent=1510"}],"wp:term":[{"taxonomy":"category","embeddable":true,"href":"http:\/\/cahuntsic.ca\/bulletin-express\/wp-json\/wp\/v2\/categories?post=1510"},{"taxonomy":"post_tag","embeddable":true,"href":"http:\/\/cahuntsic.ca\/bulletin-express\/wp-json\/wp\/v2\/tags?post=1510"}],"curies":[{"name":"wp","href":"https:\/\/api.w.org\/{rel}","templated":true}]}}