{"id":1933,"date":"2015-03-12T09:00:31","date_gmt":"2015-03-12T13:00:31","guid":{"rendered":"http:\/\/cahuntsic.ca\/bulletin-express\/?p=1933"},"modified":"2015-03-12T11:49:08","modified_gmt":"2015-03-12T15:49:08","slug":"horaire-dete-personnel-non-enseignant","status":"publish","type":"post","link":"http:\/\/cahuntsic.ca\/bulletin-express\/horaire-dete-personnel-non-enseignant\/","title":{"rendered":"Horaire d&rsquo;\u00e9t\u00e9 &#8211; personnel non enseignant"},"content":{"rendered":"<p><span style=\"color: #000000;\">L\u2019horaire d\u2019\u00e9t\u00e9 pour le personnel professionnel et de soutien sera en vigueur du 25 mai\u00a0au 14 ao\u00fbt 2015. Pour en conna\u00eetre les modalit\u00e9s, cliquez ci-dessous sur le lien correspondant \u00e0 votre cat\u00e9gorie d\u2019emploi.<\/span><\/p>\n<h3>Personnel de soutien<\/h3>\n<p><a href=\"http:\/\/www.collegeahuntsic.qc.ca\/sites\/default\/files\/public\/services\/ress-humaines\/horaire-ete\/communique_horaire_dete_-_personnel_soutien_-_1.pdf\">&gt;&gt;&gt; Horaire d\u2019\u00e9t\u00e9 \u2013 personnel de soutien<\/a><\/p>\n<p><a href=\"http:\/\/www.collegeahuntsic.qc.ca\/sites\/default\/files\/public\/services\/ress-humaines\/ententes_syndicales\/horaire_dete_v2_final_juin_2013.pdf\">&gt;&gt;&gt; Lettre d\u2019entente \u2013 Horaire d\u2019\u00e9t\u00e9 \u2013 personnel de soutien<\/a><\/p>\n<h3>Professionnels<\/h3>\n<p><a href=\"http:\/\/www.collegeahuntsic.qc.ca\/sites\/default\/files\/public\/services\/ress-humaines\/horaire-ete\/communique_horaire_dete_-_personnel_professionnel_-_1.pdf\">&gt;&gt;&gt; Horaire d\u2019\u00e9t\u00e9 \u2013 personnel professionnel<\/a><\/p>\n<p><a href=\"http:\/\/www.collegeahuntsic.qc.ca\/public\/7e1f5c75-1d2e-429e-8dc7-0c9373d8a53c\/services\/ress-humaines\/ententes_syndicales\/3.8_horaire_dete_professionnel.pdf\">&gt;&gt;&gt; Lettre d\u2019entente &#8211; Horaire d\u2019\u00e9t\u00e9 \u2013 personnel professionnel<\/a><\/p>\n<p>Source : Direction des ressources humaines<\/p>\n<p>&nbsp;<\/p>\n","protected":false},"excerpt":{"rendered":"<p>L\u2019horaire d\u2019\u00e9t\u00e9 pour le personnel professionnel et de soutien sera en vigueur du 25 mai\u00a0au 14 ao\u00fbt 2015. Pour en conna\u00eetre les modalit\u00e9s, cliquez ci-dessous sur le lien correspondant \u00e0 votre cat\u00e9gorie d\u2019emploi. Personnel de soutien &gt;&gt;&gt; Horaire d\u2019\u00e9t\u00e9 \u2013 personnel de soutien &gt;&gt;&gt; Lettre d\u2019entente \u2013 Horaire d\u2019\u00e9t\u00e9 \u2013 personnel de soutien Professionnels &gt;&gt;&gt; [&hellip;]<\/p>\n","protected":false},"author":2,"featured_media":1937,"comment_status":"closed","ping_status":"closed","sticky":false,"template":"","format":"standard","meta":{"_expiration-date-status":"saved","_expiration-date":0,"_expiration-date-type":"","_expiration-date-categories":[],"_expiration-date-options":[]},"categories":[7],"tags":[],"_links":{"self":[{"href":"http:\/\/cahuntsic.ca\/bulletin-express\/wp-json\/wp\/v2\/posts\/1933"}],"collection":[{"href":"http:\/\/cahuntsic.ca\/bulletin-express\/wp-json\/wp\/v2\/posts"}],"about":[{"href":"http:\/\/cahuntsic.ca\/bulletin-express\/wp-json\/wp\/v2\/types\/post"}],"author":[{"embeddable":true,"href":"http:\/\/cahuntsic.ca\/bulletin-express\/wp-json\/wp\/v2\/users\/2"}],"replies":[{"embeddable":true,"href":"http:\/\/cahuntsic.ca\/bulletin-express\/wp-json\/wp\/v2\/comments?post=1933"}],"version-history":[{"count":5,"href":"http:\/\/cahuntsic.ca\/bulletin-express\/wp-json\/wp\/v2\/posts\/1933\/revisions"}],"predecessor-version":[{"id":1938,"href":"http:\/\/cahuntsic.ca\/bulletin-express\/wp-json\/wp\/v2\/posts\/1933\/revisions\/1938"}],"wp:featuredmedia":[{"embeddable":true,"href":"http:\/\/cahuntsic.ca\/bulletin-express\/wp-json\/wp\/v2\/media\/1937"}],"wp:attachment":[{"href":"http:\/\/cahuntsic.ca\/bulletin-express\/wp-json\/wp\/v2\/media?parent=1933"}],"wp:term":[{"taxonomy":"category","embeddable":true,"href":"http:\/\/cahuntsic.ca\/bulletin-express\/wp-json\/wp\/v2\/categories?post=1933"},{"taxonomy":"post_tag","embeddable":true,"href":"http:\/\/cahuntsic.ca\/bulletin-express\/wp-json\/wp\/v2\/tags?post=1933"}],"curies":[{"name":"wp","href":"https:\/\/api.w.org\/{rel}","templated":true}]}}