{"id":2645,"date":"2014-05-15T15:34:13","date_gmt":"2014-05-15T19:34:13","guid":{"rendered":"http:\/\/cahuntsic.ca\/bulletin-express\/?p=2645"},"modified":"2014-05-15T15:37:48","modified_gmt":"2014-05-15T19:37:48","slug":"lancement-du-recueil-intercollegial-de-poesiepour-linstant","status":"publish","type":"post","link":"http:\/\/cahuntsic.ca\/bulletin-express\/lancement-du-recueil-intercollegial-de-poesiepour-linstant\/","title":{"rendered":"Lancement du Recueil intercoll\u00e9gial de po\u00e9sie<br>Pour l&rsquo;instant"},"content":{"rendered":"<header>\n<p id=\"node-title\"><span style=\"font-size: 14px; line-height: 1.5em;\">La 22e\u00a0\u00e9dition du Recueil intercoll\u00e9gial de po\u00e9sie\u00a0<\/span><em style=\"font-size: 14px; line-height: 1.5em;\">Pour l&rsquo;instant\u00a0<\/em><span style=\"font-size: 14px; line-height: 1.5em;\">a \u00e9t\u00e9 lanc\u00e9e le vendredi 9\u00a0mai\u00a0dernier au Coll\u00e8ge Ahuntsic. Plus de 100 personnes ont assist\u00e9 \u00e0 cette soir\u00e9e anim\u00e9e par des \u00e9tudiants du Coll\u00e8ge Ahuntsic et par Val\u00e9rie Charron, technicienne en loisirs. L\u2019\u00e9v\u00e9nement \u00e9tait agr\u00e9ment\u00e9 d\u2019une performance de la harpiste V\u00e9ronique Couturier.<\/span><\/p>\n<p><strong><a href=\"http:\/\/www.collegeahuntsic.qc.ca\/nouvelles\/lancement-du-22e-recueil-intercollegial-de-poesie-pour-linstant\">&gt;&gt;&gt; Lire l&rsquo;article sur le site Web<\/a><\/strong><\/p>\n<p>Source : Direction des communications<\/p>\n<\/header>\n<div>\n<p>&nbsp;<\/p>\n<\/div>\n","protected":false},"excerpt":{"rendered":"<p>La 22e\u00a0\u00e9dition du Recueil intercoll\u00e9gial de po\u00e9sie\u00a0Pour l&rsquo;instant\u00a0a \u00e9t\u00e9 lanc\u00e9e le vendredi 9\u00a0mai\u00a0dernier au Coll\u00e8ge Ahuntsic. Plus de 100 personnes ont assist\u00e9 \u00e0 cette soir\u00e9e anim\u00e9e par des \u00e9tudiants du Coll\u00e8ge Ahuntsic et par Val\u00e9rie Charron, technicienne en loisirs. L\u2019\u00e9v\u00e9nement \u00e9tait agr\u00e9ment\u00e9 d\u2019une performance de la harpiste V\u00e9ronique Couturier. &gt;&gt;&gt; Lire l&rsquo;article sur le site [&hellip;]<\/p>\n","protected":false},"author":2,"featured_media":2647,"comment_status":"closed","ping_status":"closed","sticky":false,"template":"","format":"standard","meta":{"_expiration-date-status":"saved","_expiration-date":0,"_expiration-date-type":"","_expiration-date-categories":[],"_expiration-date-options":[]},"categories":[2],"tags":[],"_links":{"self":[{"href":"http:\/\/cahuntsic.ca\/bulletin-express\/wp-json\/wp\/v2\/posts\/2645"}],"collection":[{"href":"http:\/\/cahuntsic.ca\/bulletin-express\/wp-json\/wp\/v2\/posts"}],"about":[{"href":"http:\/\/cahuntsic.ca\/bulletin-express\/wp-json\/wp\/v2\/types\/post"}],"author":[{"embeddable":true,"href":"http:\/\/cahuntsic.ca\/bulletin-express\/wp-json\/wp\/v2\/users\/2"}],"replies":[{"embeddable":true,"href":"http:\/\/cahuntsic.ca\/bulletin-express\/wp-json\/wp\/v2\/comments?post=2645"}],"version-history":[{"count":2,"href":"http:\/\/cahuntsic.ca\/bulletin-express\/wp-json\/wp\/v2\/posts\/2645\/revisions"}],"predecessor-version":[{"id":2648,"href":"http:\/\/cahuntsic.ca\/bulletin-express\/wp-json\/wp\/v2\/posts\/2645\/revisions\/2648"}],"wp:featuredmedia":[{"embeddable":true,"href":"http:\/\/cahuntsic.ca\/bulletin-express\/wp-json\/wp\/v2\/media\/2647"}],"wp:attachment":[{"href":"http:\/\/cahuntsic.ca\/bulletin-express\/wp-json\/wp\/v2\/media?parent=2645"}],"wp:term":[{"taxonomy":"category","embeddable":true,"href":"http:\/\/cahuntsic.ca\/bulletin-express\/wp-json\/wp\/v2\/categories?post=2645"},{"taxonomy":"post_tag","embeddable":true,"href":"http:\/\/cahuntsic.ca\/bulletin-express\/wp-json\/wp\/v2\/tags?post=2645"}],"curies":[{"name":"wp","href":"https:\/\/api.w.org\/{rel}","templated":true}]}}