{"id":2826,"date":"2014-08-15T09:00:30","date_gmt":"2014-08-15T13:00:30","guid":{"rendered":"http:\/\/cahuntsic.ca\/bulletin-express\/?p=2826"},"modified":"2014-08-15T10:27:01","modified_gmt":"2014-08-15T14:27:01","slug":"ici-on-recycle-le-college-ahuntsic-reconnu","status":"publish","type":"post","link":"http:\/\/cahuntsic.ca\/bulletin-express\/ici-on-recycle-le-college-ahuntsic-reconnu\/","title":{"rendered":"ICI ON RECYCLE : le Coll\u00e8ge Ahuntsic reconnu"},"content":{"rendered":"<p>En juin dernier, Recyc-Qu\u00e9bec a inform\u00e9 la direction du Coll\u00e8ge que la candidature de notre \u00e9tablissement au niveau 2 \u00ab\u00a0Mise en oeuvre\u00a0\u00bb du programme ICI ON RECYCLE avait \u00e9t\u00e9 accept\u00e9e. La lettre \u00e9tait accompagn\u00e9e d&rsquo;un certificat de reconnaissance pour rendre compte des efforts d\u00e9ploy\u00e9s par le Coll\u00e8ge en faveur d&rsquo;une saine gestion des mati\u00e8res r\u00e9siduelles.<\/p>\n<p>Dans sa lettre, M. Beno\u00eet de Villiers, pr\u00e9sident-directeur g\u00e9n\u00e9ral de Recyc-Qu\u00e9bec \u00e9crit : \u00ab\u00a0L&rsquo;implantation de diff\u00e9rentes mesures de r\u00e9duction, de r\u00e9emploi et de recyclage-valorisation (3RV) de m\u00eame que la r\u00e9alisation d&rsquo;actions de sensibilisation diverses d\u00e9montrent bien l&rsquo;importance que votre \u00e9tablissement accorde \u00e0 une saine gestion de ses mati\u00e8res r\u00e9siduelles et nous vous en f\u00e9licitons\u00a0\u00bb.<\/p>\n<p><strong><a href=\"http:\/\/cahuntsic.ca\/bulletin-express\/wp-content\/uploads\/2014\/08\/CERTIFICAT-DE-RECONNAISSANCE-ICI-ON-RECYCLE-NIVEAU-2.pdf\">&gt;&gt;&gt; Certification de reconnaissance ICI ON RECYCLE &#8211; niveau 2<\/a><\/strong><\/p>\n<p>Source : Direction g\u00e9n\u00e9rale<\/p>\n","protected":false},"excerpt":{"rendered":"<p>En juin dernier, Recyc-Qu\u00e9bec a inform\u00e9 la direction du Coll\u00e8ge que la candidature de notre \u00e9tablissement au niveau 2 \u00ab\u00a0Mise en oeuvre\u00a0\u00bb du programme ICI ON RECYCLE avait \u00e9t\u00e9 accept\u00e9e. La lettre \u00e9tait accompagn\u00e9e d&rsquo;un certificat de reconnaissance pour rendre compte des efforts d\u00e9ploy\u00e9s par le Coll\u00e8ge en faveur d&rsquo;une saine gestion des mati\u00e8res r\u00e9siduelles. [&hellip;]<\/p>\n","protected":false},"author":2,"featured_media":2831,"comment_status":"closed","ping_status":"closed","sticky":false,"template":"","format":"standard","meta":{"_expiration-date-status":"saved","_expiration-date":0,"_expiration-date-type":"","_expiration-date-categories":[],"_expiration-date-options":[]},"categories":[2],"tags":[],"_links":{"self":[{"href":"http:\/\/cahuntsic.ca\/bulletin-express\/wp-json\/wp\/v2\/posts\/2826"}],"collection":[{"href":"http:\/\/cahuntsic.ca\/bulletin-express\/wp-json\/wp\/v2\/posts"}],"about":[{"href":"http:\/\/cahuntsic.ca\/bulletin-express\/wp-json\/wp\/v2\/types\/post"}],"author":[{"embeddable":true,"href":"http:\/\/cahuntsic.ca\/bulletin-express\/wp-json\/wp\/v2\/users\/2"}],"replies":[{"embeddable":true,"href":"http:\/\/cahuntsic.ca\/bulletin-express\/wp-json\/wp\/v2\/comments?post=2826"}],"version-history":[{"count":4,"href":"http:\/\/cahuntsic.ca\/bulletin-express\/wp-json\/wp\/v2\/posts\/2826\/revisions"}],"predecessor-version":[{"id":2833,"href":"http:\/\/cahuntsic.ca\/bulletin-express\/wp-json\/wp\/v2\/posts\/2826\/revisions\/2833"}],"wp:featuredmedia":[{"embeddable":true,"href":"http:\/\/cahuntsic.ca\/bulletin-express\/wp-json\/wp\/v2\/media\/2831"}],"wp:attachment":[{"href":"http:\/\/cahuntsic.ca\/bulletin-express\/wp-json\/wp\/v2\/media?parent=2826"}],"wp:term":[{"taxonomy":"category","embeddable":true,"href":"http:\/\/cahuntsic.ca\/bulletin-express\/wp-json\/wp\/v2\/categories?post=2826"},{"taxonomy":"post_tag","embeddable":true,"href":"http:\/\/cahuntsic.ca\/bulletin-express\/wp-json\/wp\/v2\/tags?post=2826"}],"curies":[{"name":"wp","href":"https:\/\/api.w.org\/{rel}","templated":true}]}}