{"id":2860,"date":"2014-08-15T11:00:21","date_gmt":"2014-08-15T15:00:21","guid":{"rendered":"http:\/\/cahuntsic.ca\/bulletin-express\/?p=2860"},"modified":"2014-08-15T11:38:12","modified_gmt":"2014-08-15T15:38:12","slug":"prix-a-part-entiere-4e-edition","status":"publish","type":"post","link":"http:\/\/cahuntsic.ca\/bulletin-express\/prix-a-part-entiere-4e-edition\/","title":{"rendered":"Prix \u00c0 part enti\u00e8re &#8211; 4e \u00e9dition"},"content":{"rendered":"<p>L&rsquo;Office des personnes handicap\u00e9es du Qu\u00e9bec organise la 4e \u00e9dition du Prix \u00c0 part enti\u00e8re. D\u00e9cern\u00e9 tous les deux ans, ce prix rend hommage aux personnes et aux organisation dont les r\u00e9alisations contribuent \u00e0 accro\u00eetre la participation sociale des personnes handicap\u00e9es. L&rsquo;appel de candidatures a \u00e9t\u00e9 annonc\u00e9e par l&rsquo;Office le 2 juin dernier dans le cadre de la Semaine qu\u00e9b\u00e9coise des personnes handicap\u00e9es. Pour cette quatri\u00e8me \u00e9dition, M. St\u00e9phane Laporte agit \u00e0 titre de porte-parole.<\/p>\n<p>Cette ann\u00e9e, le Prix \u00c0 part enti\u00e8re se d\u00e9clinera en quatre cat\u00e9gories :<\/p>\n<ul>\n<li>individus;<\/li>\n<li>organismes \u00e0 but non lucratif;<\/li>\n<li>municipalit\u00e9s et MRC;<\/li>\n<li>minist\u00e8res et leurs r\u00e9seaux, organismes publics et parapublics.<\/li>\n<\/ul>\n<p>Au total, 30 000 $ seront offerts en bourses. Vous trouverez en hyperlien le cahier de mise en candidature. Notez que le contenu de celui-ci est aussi accessible sur le site de l&rsquo;<a href=\"http:\/\/www.ophq.gouv.gc.ca\/prixape\">Office des personnes handicap\u00e9es du Qu\u00e9bec<\/a>.<\/p>\n<p><strong><a href=\"http:\/\/cahuntsic.ca\/bulletin-express\/wp-content\/uploads\/2014\/08\/Cahier_candidature_A_part_entiere.pdf\">&gt;&gt;&gt; Cahier_de mise en candidature<\/a><\/strong><\/p>\n<p>Source : Direction des communications<\/p>\n<p>&nbsp;<\/p>\n<p>&nbsp;<\/p>\n","protected":false},"excerpt":{"rendered":"<p>L&rsquo;Office des personnes handicap\u00e9es du Qu\u00e9bec organise la 4e \u00e9dition du Prix \u00c0 part enti\u00e8re. D\u00e9cern\u00e9 tous les deux ans, ce prix rend hommage aux personnes et aux organisation dont les r\u00e9alisations contribuent \u00e0 accro\u00eetre la participation sociale des personnes handicap\u00e9es. L&rsquo;appel de candidatures a \u00e9t\u00e9 annonc\u00e9e par l&rsquo;Office le 2 juin dernier dans le [&hellip;]<\/p>\n","protected":false},"author":2,"featured_media":2869,"comment_status":"closed","ping_status":"closed","sticky":false,"template":"","format":"standard","meta":{"_expiration-date-status":"saved","_expiration-date":0,"_expiration-date-type":"","_expiration-date-categories":[],"_expiration-date-options":[]},"categories":[2],"tags":[],"_links":{"self":[{"href":"http:\/\/cahuntsic.ca\/bulletin-express\/wp-json\/wp\/v2\/posts\/2860"}],"collection":[{"href":"http:\/\/cahuntsic.ca\/bulletin-express\/wp-json\/wp\/v2\/posts"}],"about":[{"href":"http:\/\/cahuntsic.ca\/bulletin-express\/wp-json\/wp\/v2\/types\/post"}],"author":[{"embeddable":true,"href":"http:\/\/cahuntsic.ca\/bulletin-express\/wp-json\/wp\/v2\/users\/2"}],"replies":[{"embeddable":true,"href":"http:\/\/cahuntsic.ca\/bulletin-express\/wp-json\/wp\/v2\/comments?post=2860"}],"version-history":[{"count":6,"href":"http:\/\/cahuntsic.ca\/bulletin-express\/wp-json\/wp\/v2\/posts\/2860\/revisions"}],"predecessor-version":[{"id":2868,"href":"http:\/\/cahuntsic.ca\/bulletin-express\/wp-json\/wp\/v2\/posts\/2860\/revisions\/2868"}],"wp:featuredmedia":[{"embeddable":true,"href":"http:\/\/cahuntsic.ca\/bulletin-express\/wp-json\/wp\/v2\/media\/2869"}],"wp:attachment":[{"href":"http:\/\/cahuntsic.ca\/bulletin-express\/wp-json\/wp\/v2\/media?parent=2860"}],"wp:term":[{"taxonomy":"category","embeddable":true,"href":"http:\/\/cahuntsic.ca\/bulletin-express\/wp-json\/wp\/v2\/categories?post=2860"},{"taxonomy":"post_tag","embeddable":true,"href":"http:\/\/cahuntsic.ca\/bulletin-express\/wp-json\/wp\/v2\/tags?post=2860"}],"curies":[{"name":"wp","href":"https:\/\/api.w.org\/{rel}","templated":true}]}}