{"id":3315,"date":"2014-10-03T16:02:56","date_gmt":"2014-10-03T20:02:56","guid":{"rendered":"http:\/\/cahuntsic.ca\/bulletin-express\/?p=3315"},"modified":"2014-10-06T10:30:57","modified_gmt":"2014-10-06T14:30:57","slug":"echos-du-conseil-dadministrationseance-du-25-septembre-2014","status":"publish","type":"post","link":"http:\/\/cahuntsic.ca\/bulletin-express\/echos-du-conseil-dadministrationseance-du-25-septembre-2014\/","title":{"rendered":"Echos du conseil d&rsquo;administration<br>s\u00e9ance du 25 septembre 2014"},"content":{"rendered":"<p>Le 25 septembre 2014 avait lieu la 368e s\u00e9ance du Conseil d&rsquo;administration du Coll\u00e8ge. Voici un r\u00e9sum\u00e9 des principaux points discut\u00e9s au cours de cette rencontre.<\/p>\n<h3>_________________________________________________<br \/>\nR\u00e9vision du programme \u00ab\u00a0Automatismes industriels\u00a0\u00bb (ELJ.36) &#8211; AEC<\/h3>\n<p>Apr\u00e8s les recommandations du D\u00e9partement de g\u00e9nie \u00e9lectrique et de la Commission des \u00e9tudes, le Conseil d&rsquo;administration a adopt\u00e9 les modifications au programme menant \u00e0 une attestation d&rsquo;\u00e9tudes coll\u00e9giales (AEC) intitul\u00e9 \u00ab\u00a0Automatismes industriels\u00a0\u00bb.<\/p>\n<p><a href=\"http:\/\/cahuntsic.ca\/bulletin-express\/wp-content\/uploads\/2014\/10\/TG\u00c9-AEC_projet-r\u00e9vision_Version-CA5-25-sept-2014.pdf\">&gt;&gt;&gt; Consulter &#8211; Programme AEC r\u00e9vision &#8211; Automatismes industriels<\/a><\/p>\n<h3>________________________________________________________________<br \/>\nR\u00e9vision du programme \u00ab\u00a0G\u00e9nie industriel : optimisation des op\u00e9rations\u00a0\u00bb (EJN.1A) &#8211; AEC<\/h3>\n<p>Apr\u00e8s les recommandations du D\u00e9partement de g\u00e9nie industriel et de la Commission des \u00e9tudes, le Conseil d&rsquo;administration a adopt\u00e9 les modifications au programme menant \u00e0 une attestation d&rsquo;\u00e9tudes coll\u00e9giales (AEC) intitul\u00e9 \u00ab\u00a0G\u00e9nie industriel : optimisation des op\u00e9rations\u00a0\u00bb.<\/p>\n<p><a href=\"http:\/\/cahuntsic.ca\/bulletin-express\/wp-content\/uploads\/2014\/10\/TGI-AEC_projet-r\u00e9vision_Version-CA-25-sept-2014.pdf\">&gt;&gt;&gt; Consulter Programme AEC &#8211; G\u00e9nie industriel : optimisation des op\u00e9rations<\/a><\/p>\n<h3>________________________________________________<br \/>\nR\u00e9organisation administrative de la Direction des communications<\/h3>\n<p>Le Conseil d\u2019administration a ent\u00e9rin\u00e9 une r\u00e9organisation administrative touchant les communications. Deux nouvelles directions sont ainsi cr\u00e9\u00e9es\u00a0:<\/p>\n<p><strong>Le Secr\u00e9tariat<em> g\u00e9n\u00e9ral et Direction des affaires juridiques et des communications<\/em><\/strong> r\u00e9sultant de la fusion des responsabilit\u00e9s actuelles de la secr\u00e9taire g\u00e9n\u00e9rale et directrice des affaires corporatives, Mme Anne Milot, et des responsabilit\u00e9s relatives aux communications courantes internes et externes, \u00e0 la promotion des programmes \u00e0 l\u2019enseignement r\u00e9gulier et \u00e0 la formation continue, actuellement sous la responsabilit\u00e9 de la directrice des communications, Mme Odile Boisnard. La direction de cette nouvelle unit\u00e9 administrative est confi\u00e9e \u00e0 Anne Milot.<\/p>\n<p><strong>La <em>Direction des relations ext\u00e9rieures et des partenariats institutionnels<\/em> <\/strong>\u00e0 laquelle sont confi\u00e9es les responsabilit\u00e9s actuelles de la directrice des communications qui sont davantage li\u00e9es aux \u00e9v\u00e8nements sp\u00e9ciaux et \u00e0 la Fondation en y ajoutant le mandat de cr\u00e9er des partenariats strat\u00e9giques. La responsabilit\u00e9 en est confi\u00e9e \u00e0 Mme Odile Boisnard.<\/p>\n<h3>________________________________________________<br \/>\nOuverture d&rsquo;un poste de directeur du Service des affaires \u00e9tudiantes<\/h3>\n<p>Compte tenu du d\u00e9part \u00e0 la retraite de M. Yves Fredette, actuel titulaire du poste de directeur du Service des affaires \u00e9tudiantes, \u00e0 la fin de l&rsquo;ann\u00e9e 2014, le Conseil d&rsquo;administration a approuv\u00e9 l&rsquo;ouverture d&rsquo;un concours public en vue de pourvoir d&rsquo;un titulaire le poste de directeur du Service des affaires \u00e9tudiantes.<\/p>\n<p>Un comit\u00e9 de s\u00e9lection form\u00e9 du directeur g\u00e9n\u00e9ral, M. Benoit Pag\u00e9, du directeur du Service des ressources humaines, M. Claude Courchesne, d&rsquo;un cadre d\u00e9sign\u00e9 par le comit\u00e9 local de l&rsquo;Association des cadres des coll\u00e8ges du Qu\u00e9bec et de deux membres du Conseil d&rsquo;administration sera mis en place.<\/p>\n<p><a href=\"http:\/\/cahuntsic.ca\/bulletin-express\/wp-content\/uploads\/2014\/10\/368-04-6-Ouverture-poste-directeur-Aff.-\u00e9tudiantes.pdf\">&gt;&gt;&gt;R\u00e9solution 368-04-6 Ouverture poste directeur Affaires \u00e9tudiantes<\/a><\/p>\n<h3>___________________________________________<br \/>\nPr\u00e9visions budg\u00e9taires 2014-2015<\/h3>\n<p>Le Conseil d&rsquo;administration a adopt\u00e9 les pr\u00e9visions 2014-2015 de fonctionnement et d&rsquo;investissements qui lui ont \u00e9t\u00e9 pr\u00e9sent\u00e9es par la Direction des services financiers du Coll\u00e8ge.<\/p>\n<p><a href=\"http:\/\/cahuntsic.ca\/bulletin-express\/wp-content\/uploads\/2014\/10\/Pr\u00e9visionsBudg\u00e9taires14-15CA.pdf\">&gt;&gt;&gt; Pr\u00e9visions budg\u00e9taires 2014-2015<\/a><\/p>\n<h3>_______________________________________________<br \/>\nInstitut des communications graphiques et de l&rsquo;imprimabilit\u00e9 (ICI)<\/h3>\n<p>Comme c&rsquo;est le cas chaque ann\u00e9e, le directeur g\u00e9n\u00e9ral de l&rsquo;ICI (anciennement l&rsquo;ICGQ), M. Andr\u00e9 Dion, est venu pr\u00e9senter aux membres du Conseil d&rsquo;administration du Coll\u00e8ge le rapport annuel de la derni\u00e8re ann\u00e9e ainsi que le plan de travail et le budget de la prochaine ann\u00e9e.<\/p>\n<p><a href=\"http:\/\/cahuntsic.ca\/bulletin-express\/wp-content\/uploads\/2014\/10\/rapport-annuel-13-14-ICI.pdf\">&gt;&gt;&gt; Rapport annuel 2013-2014 de l&rsquo;ICI<\/a><\/p>\n<h3>___________________________________________<br \/>\nNomination d&rsquo;un membre coopt\u00e9 au Conseil d&rsquo;administration<\/h3>\n<p>Le Conseil d&rsquo;administration a proc\u00e9d\u00e9 \u00e0 la nomination de\u00a0<strong>Mme Louise H\u00e9nault-\u00c9thier<\/strong>, pour un mandat de trois (3) ans, au poste de membre coopt\u00e9 du Conseil d&rsquo;administration. Elle si\u00e9gera \u00e0 titre de titulaire du dipl\u00f4me d&rsquo;\u00e9tudes coll\u00e9giales (DEC) ayant termin\u00e9 ses \u00e9tudes au Coll\u00e8ge dans un programme pr\u00e9universitaire. Elle succ\u00e8de \u00e0 M. Jean-Fran\u00e7ois Tremblay, qui a quitt\u00e9 le Conseil d&rsquo;administration le 20 mars dernier.<\/p>\n<p><a href=\"http:\/\/cahuntsic.ca\/bulletin-express\/wp-content\/uploads\/2014\/10\/368-04-7-Nomination-membre-coopt\u00e9-pr\u00e9u-au-CA.pdf\">&gt;&gt;&gt; R\u00e9solution 368-04-7 &#8211; Nomination membre coopt\u00e9 au CA<\/a><\/p>\n<h3>_____________________________<br \/>\nDipl\u00f4mes d&rsquo;\u00e9tudes coll\u00e9giales<\/h3>\n<p>En conformit\u00e9 avec le R\u00e8glement sur le r\u00e9gime des sur le r\u00e9gie des \u00e9tudes coll\u00e9giales et du R\u00e8glement relatif \u00e0 la Commission des \u00e9tudes (R-17), le Conseil d&rsquo;administration recommande au Ministre\u00a0de l\u2019Enseignement sup\u00e9rieur, de la Recherche et de la Science de d\u00e9cerner le dipl\u00f4me d&rsquo;\u00e9tudes coll\u00e9giales (DEC) \u00e0 <strong>quatre cent quatre-vingt-quatorze (494) \u00e9tudiantes et \u00e9tudiants<\/strong> de la promotion hiver 2014 et \u00e9t\u00e9 2014 du Coll\u00e8ge Ahuntsic qui ont satisfait aux conditions d&rsquo;\u00e9ligibilit\u00e9 \u00e0 un tel dipl\u00f4me.<\/p>\n<p><a href=\"http:\/\/cahuntsic.ca\/bulletin-express\/wp-content\/uploads\/2014\/10\/368-04-8-Dipl\u00f4mes-\u00e9tudes-coll\u00e9giales-hiver-2014-et-\u00e9t\u00e9-2014.pdf\">&gt;&gt;&gt; R\u00e9solution 368-04-8 Dipl\u00f4mes \u00e9tudes coll\u00e9giales hiver 2014 et \u00e9t\u00e9 2014<\/a><\/p>\n<p>_______________________<\/p>\n<p>Source : Direction g\u00e9n\u00e9rale<\/p>\n","protected":false},"excerpt":{"rendered":"<p>Le 25 septembre 2014 avait lieu la 368e s\u00e9ance du Conseil d&rsquo;administration du Coll\u00e8ge. Voici un r\u00e9sum\u00e9 des principaux points discut\u00e9s au cours de cette rencontre. _________________________________________________ R\u00e9vision du programme \u00ab\u00a0Automatismes industriels\u00a0\u00bb (ELJ.36) &#8211; AEC Apr\u00e8s les recommandations du D\u00e9partement de g\u00e9nie \u00e9lectrique et de la Commission des \u00e9tudes, le Conseil d&rsquo;administration a adopt\u00e9 les [&hellip;]<\/p>\n","protected":false},"author":2,"featured_media":3343,"comment_status":"closed","ping_status":"closed","sticky":false,"template":"","format":"standard","meta":{"_expiration-date-status":"saved","_expiration-date":0,"_expiration-date-type":"","_expiration-date-categories":[],"_expiration-date-options":[]},"categories":[10],"tags":[],"_links":{"self":[{"href":"http:\/\/cahuntsic.ca\/bulletin-express\/wp-json\/wp\/v2\/posts\/3315"}],"collection":[{"href":"http:\/\/cahuntsic.ca\/bulletin-express\/wp-json\/wp\/v2\/posts"}],"about":[{"href":"http:\/\/cahuntsic.ca\/bulletin-express\/wp-json\/wp\/v2\/types\/post"}],"author":[{"embeddable":true,"href":"http:\/\/cahuntsic.ca\/bulletin-express\/wp-json\/wp\/v2\/users\/2"}],"replies":[{"embeddable":true,"href":"http:\/\/cahuntsic.ca\/bulletin-express\/wp-json\/wp\/v2\/comments?post=3315"}],"version-history":[{"count":21,"href":"http:\/\/cahuntsic.ca\/bulletin-express\/wp-json\/wp\/v2\/posts\/3315\/revisions"}],"predecessor-version":[{"id":3318,"href":"http:\/\/cahuntsic.ca\/bulletin-express\/wp-json\/wp\/v2\/posts\/3315\/revisions\/3318"}],"wp:featuredmedia":[{"embeddable":true,"href":"http:\/\/cahuntsic.ca\/bulletin-express\/wp-json\/wp\/v2\/media\/3343"}],"wp:attachment":[{"href":"http:\/\/cahuntsic.ca\/bulletin-express\/wp-json\/wp\/v2\/media?parent=3315"}],"wp:term":[{"taxonomy":"category","embeddable":true,"href":"http:\/\/cahuntsic.ca\/bulletin-express\/wp-json\/wp\/v2\/categories?post=3315"},{"taxonomy":"post_tag","embeddable":true,"href":"http:\/\/cahuntsic.ca\/bulletin-express\/wp-json\/wp\/v2\/tags?post=3315"}],"curies":[{"name":"wp","href":"https:\/\/api.w.org\/{rel}","templated":true}]}}