{"id":347,"date":"2013-09-11T21:32:32","date_gmt":"2013-09-11T20:32:32","guid":{"rendered":"http:\/\/cahuntsic.ca\/bulletin-express\/?p=347"},"modified":"2013-09-17T16:29:22","modified_gmt":"2013-09-17T15:29:22","slug":"ironman-enseignants-et-etudiants-en-spu-a-la-rescousse","status":"publish","type":"post","link":"http:\/\/cahuntsic.ca\/bulletin-express\/ironman-enseignants-et-etudiants-en-spu-a-la-rescousse\/","title":{"rendered":"Ironman : enseignants et \u00e9tudiants<\/br>de SPU \u00e0 la rescousse"},"content":{"rendered":"<p><a href=\"http:\/\/cahuntsic.ca\/bulletin-express\/wp-content\/uploads\/2013\/09\/Lapointe_Caquez_308.jpg\"><img loading=\"lazy\" class=\"alignleft size-medium wp-image-351\" alt=\"Lapointe_Caquez_308\" src=\"http:\/\/cahuntsic.ca\/bulletin-express\/wp-content\/uploads\/2013\/09\/Lapointe_Caquez_308-300x261.jpg\" width=\"300\" height=\"261\" srcset=\"http:\/\/cahuntsic.ca\/bulletin-express\/wp-content\/uploads\/2013\/09\/Lapointe_Caquez_308-300x261.jpg 300w, http:\/\/cahuntsic.ca\/bulletin-express\/wp-content\/uploads\/2013\/09\/Lapointe_Caquez_308-1024x892.jpg 1024w, http:\/\/cahuntsic.ca\/bulletin-express\/wp-content\/uploads\/2013\/09\/Lapointe_Caquez_308-600x523.jpg 600w, http:\/\/cahuntsic.ca\/bulletin-express\/wp-content\/uploads\/2013\/09\/Lapointe_Caquez_308.jpg 1101w\" sizes=\"(max-width: 300px) 100vw, 300px\" \/><\/a><strong>Jean-Jacques Lapointe<\/strong> et <strong>Pascale Caquez<\/strong>, enseignants en Soins pr\u00e9hospitaliers d\u2019urgence (SPU) au Coll\u00e8ge, et 67\u00a0\u00e9tudiants en SPU, dont plus de 50 du Coll\u00e8ge Ahuntsic, ont particip\u00e9 b\u00e9n\u00e9volement \u00e0 la comp\u00e9tition <i>Ironman<\/i> le 18 ao\u00fbt 2013, \u00e0 Mont-Tremblant. M.\u00a0Lapointe agissait \u00e0 titre de capitaine responsable du volet pr\u00e9hospitalier. Les \u00e9tudiants et les deux enseignants ont pr\u00eat\u00e9 main forte aux \u00e9quipes m\u00e9dicales multidisciplinaires pour prodiguer des soins \u00e0 la clinique et venir en aide aux participants tout au long du parcours et \u00e0 la fin de chacune des \u00e9preuves.<\/p>\n<p><b>Qu\u2019est-ce que l\u2019<i>Ironman<\/i>?<br \/>\n<span class=\"Apple-style-span\" style=\"font-weight: normal;\">L&rsquo;<i>Ironman<\/i> est un des plus longs formats de triathlon. Les comp\u00e9titions <i>Ironman<\/i> (l&rsquo;homme de fer) consistent en courses durant lesquelles les participants doivent encha\u00eener 3,8\u00a0km de natation, 180\u00a0km de cyclisme puis un marathon de 42,195 km en course \u00e0 pied. La comp\u00e9tition <i>Ironman<\/i> est\u00a0la propri\u00e9t\u00e9 de la World Triathlon Corporation. Cette ligue priv\u00e9e organise un circuit de courses sur distances <i>Ironman<\/i>, ainsi que des championnats du monde. Le Mont-Tremblant a accueilli la comp\u00e9tition pour une deuxi\u00e8me ann\u00e9e, le 18 ao\u00fbt dernier.<\/span><\/b><\/p>\n<p><b>Un travail terrain des plus efficaces<br \/>\n<span class=\"Apple-style-span\" style=\"font-weight: normal;\">\u00a0\u00ab\u00a0Nous avons travaill\u00e9 sans rel\u00e2che, de 5h30 du matin \u00e0 2h le lendemain matin pour offrir des soins aux coureurs. Les \u00e9tudiants se relayaient sur trois quarts de travail et ils ont \u00e9t\u00e9 passablement occup\u00e9s. Leur comp\u00e9tence, leur efficacit\u00e9 et leur engagement ont \u00e9t\u00e9 exemplaires! Je suis tr\u00e8s fier d\u2019eux\u00a0\u00bb, souligne M.\u00a0Lapointe. En plus de coordonner les soins pr\u00e9cliniques sur le terrain, M. Lapointe demeurait en contact avec les services ambulanciers de la r\u00e9gion pour rediriger au besoin des participants vers les h\u00f4pitaux. Il faut dire que l\u2019<i>Ironman <\/i>peut compter sur une coordination m\u00e9dicale de haut niveau, sous la direction du D<sup>r<\/sup> Marc Gosselin.<\/span><\/b><\/p>\n<p><b><a href=\"http:\/\/cahuntsic.ca\/bulletin-express\/wp-content\/uploads\/2013\/09\/Plaque_Ironman_393.jpg\"><img loading=\"lazy\" class=\"alignleft size-medium wp-image-352\" alt=\"Plaque_Ironman_393\" src=\"http:\/\/cahuntsic.ca\/bulletin-express\/wp-content\/uploads\/2013\/09\/Plaque_Ironman_393-300x247.jpg\" width=\"300\" height=\"247\" srcset=\"http:\/\/cahuntsic.ca\/bulletin-express\/wp-content\/uploads\/2013\/09\/Plaque_Ironman_393-300x247.jpg 300w, http:\/\/cahuntsic.ca\/bulletin-express\/wp-content\/uploads\/2013\/09\/Plaque_Ironman_393-1024x843.jpg 1024w, http:\/\/cahuntsic.ca\/bulletin-express\/wp-content\/uploads\/2013\/09\/Plaque_Ironman_393-600x494.jpg 600w, http:\/\/cahuntsic.ca\/bulletin-express\/wp-content\/uploads\/2013\/09\/Plaque_Ironman_393.jpg 1812w\" sizes=\"(max-width: 300px) 100vw, 300px\" \/><\/a>Hommage \u00e0 M. Lapointe<br \/>\n<span class=\"Apple-style-span\" style=\"font-weight: normal;\">M. Lapointe a \u00e9t\u00e9 l\u2019instigateur de cette organisation pr\u00e9clinique \u00e0 la comp\u00e9tition <i>Ironman <\/i>qui se tient \u00e0 Mont-Tremblant depuis deux ans, en collaboration avec les services ambulanciers r\u00e9gionaux. Pour souligner son excellent travail et le remercier, les organisateurs de <i>l\u2019Ironman lui<\/i> ont d\u00e9cern\u00e9 le titre de \u00ab\u00a0Capitaine m\u00e9dical de l\u2019ann\u00e9e\u00a0\u00bb \u00e0 l\u2019occasion de la soir\u00e9e des b\u00e9n\u00e9voles, le lundi 9 septembre. Le Coll\u00e8ge Ahuntsic a \u00e9galement honor\u00e9 M.\u00a0Lapointe au cours de la c\u00e9r\u00e9monie de l\u2019accueil du directeur g\u00e9n\u00e9ral, le 23 ao\u00fbt, en lui remettant un prix de distinction, accompagn\u00e9 d\u2019un ch\u00e8que de 100\u00a0$, pour son engagement \u00e0 l\u2019<i>Ironman<\/i>, au demi <i>Ironman<\/i> et au marathon de Tremblant, en plus de son appui \u00e0 d\u2019autres organisations.<\/span><\/b><\/p>\n<p>&gt;&gt;&gt; <a href=\"http:\/\/www.flickr.com\/photos\/college-ahuntsic\/sets\/72157635480477977\/\">Voir les photos prises par Jean-Jacques Lapointe<\/a><\/p>\n<p>&gt;&gt;&gt; Voir une vid\u00e9o <a href=\"http:\/\/www.ironman.com\/media-library\/videos\/events\/ironman\/mont-tremblant\/2013\/volunteer-appreciation.aspx#axzz2eW2OrV3f\"><i>Ironman<\/i><\/a><\/p>\n<p>&nbsp;<\/p>\n<p>Source : Service des communications<\/p>\n","protected":false},"excerpt":{"rendered":"<p>Jean-Jacques Lapointe et Pascale Caquez, enseignants en Soins pr\u00e9hospitaliers d\u2019urgence (SPU) au Coll\u00e8ge, et 67\u00a0\u00e9tudiants en SPU, dont plus de 50 du Coll\u00e8ge Ahuntsic, ont particip\u00e9 b\u00e9n\u00e9volement \u00e0 la comp\u00e9tition Ironman le 18 ao\u00fbt 2013, \u00e0 Mont-Tremblant. M.\u00a0Lapointe agissait \u00e0 titre de capitaine responsable du volet pr\u00e9hospitalier. Les \u00e9tudiants et les deux enseignants ont pr\u00eat\u00e9 [&hellip;]<\/p>\n","protected":false},"author":2,"featured_media":487,"comment_status":"closed","ping_status":"closed","sticky":false,"template":"","format":"standard","meta":{"_expiration-date-status":"saved","_expiration-date":0,"_expiration-date-type":"","_expiration-date-categories":[],"_expiration-date-options":[]},"categories":[2],"tags":[],"_links":{"self":[{"href":"http:\/\/cahuntsic.ca\/bulletin-express\/wp-json\/wp\/v2\/posts\/347"}],"collection":[{"href":"http:\/\/cahuntsic.ca\/bulletin-express\/wp-json\/wp\/v2\/posts"}],"about":[{"href":"http:\/\/cahuntsic.ca\/bulletin-express\/wp-json\/wp\/v2\/types\/post"}],"author":[{"embeddable":true,"href":"http:\/\/cahuntsic.ca\/bulletin-express\/wp-json\/wp\/v2\/users\/2"}],"replies":[{"embeddable":true,"href":"http:\/\/cahuntsic.ca\/bulletin-express\/wp-json\/wp\/v2\/comments?post=347"}],"version-history":[{"count":15,"href":"http:\/\/cahuntsic.ca\/bulletin-express\/wp-json\/wp\/v2\/posts\/347\/revisions"}],"predecessor-version":[{"id":515,"href":"http:\/\/cahuntsic.ca\/bulletin-express\/wp-json\/wp\/v2\/posts\/347\/revisions\/515"}],"wp:featuredmedia":[{"embeddable":true,"href":"http:\/\/cahuntsic.ca\/bulletin-express\/wp-json\/wp\/v2\/media\/487"}],"wp:attachment":[{"href":"http:\/\/cahuntsic.ca\/bulletin-express\/wp-json\/wp\/v2\/media?parent=347"}],"wp:term":[{"taxonomy":"category","embeddable":true,"href":"http:\/\/cahuntsic.ca\/bulletin-express\/wp-json\/wp\/v2\/categories?post=347"},{"taxonomy":"post_tag","embeddable":true,"href":"http:\/\/cahuntsic.ca\/bulletin-express\/wp-json\/wp\/v2\/tags?post=347"}],"curies":[{"name":"wp","href":"https:\/\/api.w.org\/{rel}","templated":true}]}}