{"id":362,"date":"2013-09-12T19:42:36","date_gmt":"2013-09-12T18:42:36","guid":{"rendered":"http:\/\/cahuntsic.ca\/bulletin-express\/?p=362"},"modified":"2013-09-18T15:35:03","modified_gmt":"2013-09-18T14:35:03","slug":"le-college-partenaire-du-projet-pilote-leconomie-sociale-jachete","status":"publish","type":"post","link":"http:\/\/cahuntsic.ca\/bulletin-express\/le-college-partenaire-du-projet-pilote-leconomie-sociale-jachete\/","title":{"rendered":"Le Coll\u00e8ge partenaire du projet-pilote<br>L&rsquo;\u00e9conomie sociale j&rsquo;ach\u00e8te!"},"content":{"rendered":"<p>Le jeudi 12 septembre 2013, M. Luc Demers, directeur g\u00e9n\u00e9ral du Coll\u00e8ge, a sign\u00e9 la D\u00e9claration d\u2019engagement \u00a0\u00e0 l\u2019achat public du Coll\u00e8ge Ahuntsic, dans le cadre du projet-pilote montr\u00e9alais <i>L\u2019\u00e9conomie sociale j\u2019ach\u00e8te! <\/i>De concert avec cinq autres institutions montr\u00e9alaises telles que le CHUM, la Ville de Montr\u00e9al, la Conf\u00e9rence r\u00e9gionale des \u00e9lus de Montr\u00e9al, l&rsquo;Office municipal d&rsquo;habitation de Montr\u00e9al et la Commissions scolaire de Montr\u00e9al, le Coll\u00e8ge Ahuntsic participe \u00e0 ce projet-pilote qui a pour objectif d\u2019accro\u00eetre l\u2019achat par les institutions publiques de produits et services aupr\u00e8s des entreprises d\u2019\u00e9conomie sociale montr\u00e9alaises.<\/p>\n<p>Un portfolio des 27 entreprises d\u2019\u00e9conomie sociale montr\u00e9alaises \u00a0participantes a \u00e9t\u00e9 lanc\u00e9 et une activit\u00e9 de maillage s\u2019est d\u00e9roul\u00e9e au Th\u00e9\u00e2tre Aux \u00c9curies, en pr\u00e9sence de quelques 150 invit\u00e9s.\u00a0 L\u2019activit\u00e9 se d\u00e9roulait sous l\u2019enseigne de la Conf\u00e9rence r\u00e9gionale des \u00e9lus de Montr\u00e9al (CR\u00c9), coordonn\u00e9 par le Comit\u00e9 d\u2019\u00e9conomie sociale\u00a0 de l\u2019\u00eele de Montr\u00e9al(C\u00c9S\u00ceM).<\/p>\n<p>Pour plus d\u2019information, consultez\u00a0: <a href=\"http:\/\/www.economiesocialemontreal.net\/jachete\">www.economiesocialemontreal.net\/jachete<\/a><\/p>\n<p>&nbsp;<\/p>\n","protected":false},"excerpt":{"rendered":"<p>Le jeudi 12 septembre 2013, M. Luc Demers, directeur g\u00e9n\u00e9ral du Coll\u00e8ge, a sign\u00e9 la D\u00e9claration d\u2019engagement \u00a0\u00e0 l\u2019achat public du Coll\u00e8ge Ahuntsic, dans le cadre du projet-pilote montr\u00e9alais L\u2019\u00e9conomie sociale j\u2019ach\u00e8te! De concert avec cinq autres institutions montr\u00e9alaises telles que le CHUM, la Ville de Montr\u00e9al, la Conf\u00e9rence r\u00e9gionale des \u00e9lus de Montr\u00e9al, l&rsquo;Office [&hellip;]<\/p>\n","protected":false},"author":2,"featured_media":451,"comment_status":"closed","ping_status":"closed","sticky":false,"template":"","format":"standard","meta":{"_expiration-date-status":"saved","_expiration-date":0,"_expiration-date-type":"","_expiration-date-categories":[],"_expiration-date-options":[]},"categories":[2],"tags":[],"_links":{"self":[{"href":"http:\/\/cahuntsic.ca\/bulletin-express\/wp-json\/wp\/v2\/posts\/362"}],"collection":[{"href":"http:\/\/cahuntsic.ca\/bulletin-express\/wp-json\/wp\/v2\/posts"}],"about":[{"href":"http:\/\/cahuntsic.ca\/bulletin-express\/wp-json\/wp\/v2\/types\/post"}],"author":[{"embeddable":true,"href":"http:\/\/cahuntsic.ca\/bulletin-express\/wp-json\/wp\/v2\/users\/2"}],"replies":[{"embeddable":true,"href":"http:\/\/cahuntsic.ca\/bulletin-express\/wp-json\/wp\/v2\/comments?post=362"}],"version-history":[{"count":5,"href":"http:\/\/cahuntsic.ca\/bulletin-express\/wp-json\/wp\/v2\/posts\/362\/revisions"}],"predecessor-version":[{"id":534,"href":"http:\/\/cahuntsic.ca\/bulletin-express\/wp-json\/wp\/v2\/posts\/362\/revisions\/534"}],"wp:featuredmedia":[{"embeddable":true,"href":"http:\/\/cahuntsic.ca\/bulletin-express\/wp-json\/wp\/v2\/media\/451"}],"wp:attachment":[{"href":"http:\/\/cahuntsic.ca\/bulletin-express\/wp-json\/wp\/v2\/media?parent=362"}],"wp:term":[{"taxonomy":"category","embeddable":true,"href":"http:\/\/cahuntsic.ca\/bulletin-express\/wp-json\/wp\/v2\/categories?post=362"},{"taxonomy":"post_tag","embeddable":true,"href":"http:\/\/cahuntsic.ca\/bulletin-express\/wp-json\/wp\/v2\/tags?post=362"}],"curies":[{"name":"wp","href":"https:\/\/api.w.org\/{rel}","templated":true}]}}