{"id":3636,"date":"2014-11-13T11:12:19","date_gmt":"2014-11-13T16:12:19","guid":{"rendered":"http:\/\/cahuntsic.ca\/bulletin-express\/?p=3636"},"modified":"2014-11-13T11:27:25","modified_gmt":"2014-11-13T16:27:25","slug":"la-federation-des-cegeps-denonceles-nouvelles-compressions-dans-le-reseau","status":"publish","type":"post","link":"http:\/\/cahuntsic.ca\/bulletin-express\/la-federation-des-cegeps-denonceles-nouvelles-compressions-dans-le-reseau\/","title":{"rendered":"La F\u00e9d\u00e9ration des c\u00e9geps d\u00e9nonce<br>les nouvelles compressions dans le r\u00e9seau coll\u00e9gial"},"content":{"rendered":"<p>Au cours d&rsquo;une conf\u00e9rence de presse organis\u00e9e le 13 novembre dernier, M. Jean Beauchesne, pr\u00e9sident-directeur g\u00e9n\u00e9ral de la F\u00e9d\u00e9ration des c\u00e9geps, accompagn\u00e9 des directeurs g\u00e9n\u00e9raux et des directrices g\u00e9n\u00e9rales des 48 c\u00e9geps, a vivement d\u00e9nonc\u00e9 les nouvelles compressions impos\u00e9es par le gouvernement aux coll\u00e8ges pour l&rsquo;ann\u00e9e financi\u00e8re en cours. Estim\u00e9es par la F\u00e9d\u00e9ration \u00e0 19 millions de dollars, ces compressions s&rsquo;ajoutent aux cinq compressions subies au cours des quatre derni\u00e8res ann\u00e9es par les c\u00e9geps, pour un total de 109 millions.<\/p>\n<p>\u00ab Trop c&rsquo;est trop ! Les c\u00e9geps viennent tout juste de revoir leur cadre financier pour absorber les derni\u00e8res coupures impos\u00e9es le 4 juin dernier. Il n&rsquo;y a plus de marge de man\u0153uvre. Les services donn\u00e9s aux \u00e9tudiants sont d\u00e9sormais en p\u00e9ril et comme \u00e9ducateurs, c&rsquo;est une r\u00e9alit\u00e9 que nous ne pouvons accepter. D&rsquo;autant plus que ce sont d&rsquo;abord les \u00e9tudiants les plus vuln\u00e9rables qui en subiront les cons\u00e9quences, alors que le Qu\u00e9bec n&rsquo;a vraiment pas les moyens de perdre un seul dipl\u00f4m\u00e9 \u00bb, a affirm\u00e9 M. Beauchesne.<\/p>\n<p>Les c\u00e9geps se disent donc inquiets de la situation. La F\u00e9d\u00e9ration demande au ministre de faire conna\u00eetre clairement sa vision du r\u00e9seau des c\u00e9geps dans le contexte de ces nouvelles coupes budg\u00e9taires et du rapport final du chantier sur l&rsquo;offre de formation coll\u00e9giales (rapport Demers).<\/p>\n<p><strong><a href=\"http:\/\/cahuntsic.ca\/bulletin-express\/wp-content\/uploads\/2014\/11\/Communique_Compressions_13_nov_2014.pdf\">&gt;&gt;&gt; Communiqu\u00e9 de la F\u00e9d\u00e9ration des c\u00e9geps<\/a><\/strong><\/p>\n<p><strong><a href=\"http:\/\/cahuntsic.ca\/bulletin-express\/wp-content\/uploads\/2014\/11\/Rapport_Demers.pdf\">&gt;&gt;&gt; Rapport_Demers &#8211; Offre de formation coll\u00e9giale<\/a><\/strong><\/p>\n<p>Source : Direction des communications<\/p>\n<p>&nbsp;<\/p>\n","protected":false},"excerpt":{"rendered":"<p>Au cours d&rsquo;une conf\u00e9rence de presse organis\u00e9e le 13 novembre dernier, M. Jean Beauchesne, pr\u00e9sident-directeur g\u00e9n\u00e9ral de la F\u00e9d\u00e9ration des c\u00e9geps, accompagn\u00e9 des directeurs g\u00e9n\u00e9raux et des directrices g\u00e9n\u00e9rales des 48 c\u00e9geps, a vivement d\u00e9nonc\u00e9 les nouvelles compressions impos\u00e9es par le gouvernement aux coll\u00e8ges pour l&rsquo;ann\u00e9e financi\u00e8re en cours. Estim\u00e9es par la F\u00e9d\u00e9ration \u00e0 19 [&hellip;]<\/p>\n","protected":false},"author":2,"featured_media":3637,"comment_status":"closed","ping_status":"closed","sticky":false,"template":"","format":"standard","meta":{"_expiration-date-status":"saved","_expiration-date":0,"_expiration-date-type":"","_expiration-date-categories":[],"_expiration-date-options":[]},"categories":[2],"tags":[],"_links":{"self":[{"href":"http:\/\/cahuntsic.ca\/bulletin-express\/wp-json\/wp\/v2\/posts\/3636"}],"collection":[{"href":"http:\/\/cahuntsic.ca\/bulletin-express\/wp-json\/wp\/v2\/posts"}],"about":[{"href":"http:\/\/cahuntsic.ca\/bulletin-express\/wp-json\/wp\/v2\/types\/post"}],"author":[{"embeddable":true,"href":"http:\/\/cahuntsic.ca\/bulletin-express\/wp-json\/wp\/v2\/users\/2"}],"replies":[{"embeddable":true,"href":"http:\/\/cahuntsic.ca\/bulletin-express\/wp-json\/wp\/v2\/comments?post=3636"}],"version-history":[{"count":5,"href":"http:\/\/cahuntsic.ca\/bulletin-express\/wp-json\/wp\/v2\/posts\/3636\/revisions"}],"predecessor-version":[{"id":3644,"href":"http:\/\/cahuntsic.ca\/bulletin-express\/wp-json\/wp\/v2\/posts\/3636\/revisions\/3644"}],"wp:featuredmedia":[{"embeddable":true,"href":"http:\/\/cahuntsic.ca\/bulletin-express\/wp-json\/wp\/v2\/media\/3637"}],"wp:attachment":[{"href":"http:\/\/cahuntsic.ca\/bulletin-express\/wp-json\/wp\/v2\/media?parent=3636"}],"wp:term":[{"taxonomy":"category","embeddable":true,"href":"http:\/\/cahuntsic.ca\/bulletin-express\/wp-json\/wp\/v2\/categories?post=3636"},{"taxonomy":"post_tag","embeddable":true,"href":"http:\/\/cahuntsic.ca\/bulletin-express\/wp-json\/wp\/v2\/tags?post=3636"}],"curies":[{"name":"wp","href":"https:\/\/api.w.org\/{rel}","templated":true}]}}