{"id":3797,"date":"2014-11-27T15:57:18","date_gmt":"2014-11-27T20:57:18","guid":{"rendered":"http:\/\/cahuntsic.ca\/bulletin-express\/?p=3797"},"modified":"2014-11-27T17:46:00","modified_gmt":"2014-11-27T22:46:00","slug":"forum-ahuntsic-du-22-novembre-la-solidarite-et-leconomie-sociale-a-lhonneur","status":"publish","type":"post","link":"http:\/\/cahuntsic.ca\/bulletin-express\/forum-ahuntsic-du-22-novembre-la-solidarite-et-leconomie-sociale-a-lhonneur\/","title":{"rendered":"Forum Ahuntsic du 22 novembre :<br>la solidarit\u00e9 et l&rsquo;\u00e9conomie sociale \u00e0 l&rsquo;honneur!"},"content":{"rendered":"<p><img loading=\"lazy\" class=\"alignright size-medium wp-image-3799\" src=\"http:\/\/cahuntsic.ca\/bulletin-express\/wp-content\/uploads\/2014\/11\/Partage_College_Ahuntsic-300x267.jpg\" alt=\"Partage_College_Ahuntsic\" width=\"300\" height=\"267\" srcset=\"http:\/\/cahuntsic.ca\/bulletin-express\/wp-content\/uploads\/2014\/11\/Partage_College_Ahuntsic-300x267.jpg 300w, http:\/\/cahuntsic.ca\/bulletin-express\/wp-content\/uploads\/2014\/11\/Partage_College_Ahuntsic-1024x912.jpg 1024w, http:\/\/cahuntsic.ca\/bulletin-express\/wp-content\/uploads\/2014\/11\/Partage_College_Ahuntsic-600x534.jpg 600w, http:\/\/cahuntsic.ca\/bulletin-express\/wp-content\/uploads\/2014\/11\/Partage_College_Ahuntsic.jpg 1350w\" sizes=\"(max-width: 300px) 100vw, 300px\" \/>Quelques 200 personnes sont venues au Coll\u00e8ge le 22 novembre dernier, dans le cadre du Forum <em>Ahuntsic en devenir <\/em>organis\u00e9 par Solidarit\u00e9 Ahuntsic. Apr\u00e8s le mot d\u2019accueil de M.\u00a0Benoit Pag\u00e9, directeur g\u00e9n\u00e9ral du Coll\u00e8ge, les participants \u2013 dont une quinzaine d\u2019employ\u00e9s et d\u2019\u00e9tudiants du Coll\u00e8ge Ahuntsic \u2013 ont pris part aux discussions sur l\u2019avenir du quartier Ahuntsic, dans le contexte du Caf\u00e9 Urbain de l\u2019apr\u00e8s-midi.<\/p>\n<p>Plusieurs propositions ont \u00e9t\u00e9 discut\u00e9es pour favoriser des partenariats entre le Coll\u00e8ge Ahuntsic et le milieu communautaire et d\u2019\u00e9conomie sociale, notamment dans les domaines de l\u2019innovation et de l\u2019\u00e9change de services. Le Collectif d\u2019\u00e9conomie sociale du Coll\u00e8ge Ahuntsic a profit\u00e9 de l\u2019\u00e9v\u00e9nement pour d\u00e9voiler le nom des gagnants du concours \u00ab\u00a0Partage ton Coll\u00e8ge Ahuntsic\u00a0\u00bb et pour lancer une vid\u00e9o sur <em>L\u2019engagement citoyen au Coll\u00e8ge Ahuntsic<\/em>.<\/p>\n<h3>Le concours \u00ab\u00a0Partage ton Coll\u00e8ge Ahuntsic\u00a0\u00bb<\/h3>\n<p>Le 1<sup>er<\/sup> prix, offert par Festigo\u00fbt traiteur, a \u00e9t\u00e9 octroy\u00e9 \u00e0 <strong>Michel Martucci<\/strong>, magasinier, pour son texte sur le personnel de soutien. Le 2<sup>e<\/sup> prix, offert par Bois Urbain, a \u00e9t\u00e9 d\u00e9cern\u00e9 \u00e0 <strong>Michel Drainville<\/strong>, conseiller aux affaires \u00e9tudiantes \u00e0 la retraite, pour son texte <em>Mon Coll\u00e8ge est un arbre<\/em>. Le 3<sup>e<\/sup> prix, offert par la COOP Ahuntsic, a \u00e9t\u00e9 remis \u00e0 <strong>M\u00e9lissa Seid<\/strong>, \u00e9tudiante, pour son tableau illustrant son int\u00e9gration \u00e0 la vie coll\u00e9giale. De plus, Marguerite Potvin, \u00e9tudiante-parent, a remport\u00e9 le prix du public offert par l\u2019AG\u00c9CA, \u00e0 la suite de l\u2019exposition des \u0153uvres soumises au concours. Toutes nos f\u00e9licitations aux laur\u00e9ats!<\/p>\n<p><strong><a href=\"http:\/\/cahuntsic.ca\/bulletin-express\/wp-content\/uploads\/2014\/11\/1er_prix_Martucci.pdf\">&gt;&gt;&gt; 1er Prix &#8211; Michel Martucci (texte)<\/a><\/strong><\/p>\n<p><strong><a href=\"http:\/\/cahuntsic.ca\/bulletin-express\/wp-content\/uploads\/2014\/11\/2e_prix_Drainville.pdf\">&gt;&gt;&gt; 2e prix_- Michel Drainville (texte)<\/a><\/strong><\/p>\n<p><strong><a href=\"http:\/\/cahuntsic.ca\/bulletin-express\/wp-content\/uploads\/2014\/11\/3e_prix_Melissa_Seid.jpg\">&gt;&gt;&gt; 3e prix &#8211; M\u00e9lissa Sein (oeuvre)<\/a><\/strong><\/p>\n<p><strong><a href=\"http:\/\/cahuntsic.ca\/bulletin-express\/wp-content\/uploads\/2014\/11\/Prix_public_Potvin.pdf\">&gt;&gt;&gt; Prix du public &#8211; Marguerite Potvin (texte)<\/a>\u00a0<\/strong><\/p>\n<h3>\u00a0Lancement de la vid\u00e9o <em>L\u2019engagement citoyen au Coll\u00e8ge Ahuntsic<\/em><\/h3>\n<p>Une vid\u00e9o expliquant ce qu\u2019est l\u2019engagement citoyen \u00e0 partir de l\u2019exp\u00e9rience de la protection du Bois\u00e9 de Saint-Sulpice, situ\u00e9 \u00e0 l\u2019arri\u00e8re du Coll\u00e8ge, a \u00e9t\u00e9 lanc\u00e9e au cours du Forum. Produite par l\u2019Unit\u00e9 Vid\u00e9o \u00c9tudiante du D\u00e9partement de Cin\u00e9ma du Coll\u00e8ge, la vid\u00e9o a \u00e9t\u00e9 r\u00e9alis\u00e9e par les \u00e9tudiants Emmy Allard et Carlos Giron Bran, sous la direction de Paule Mauffette du Collectif d\u2019\u00e9conomie sociale du Coll\u00e8ge Ahuntsic.<\/p>\n<div class=\"arve\" data-mode=\"normal\" data-oembed=\"1\" data-provider=\"youtube\" id=\"arve-youtube-hz0cmjfkaa869f1be233611f087773060\" style=\"max-width:900px;\" itemscope itemtype=\"http:\/\/schema.org\/VideoObject\">\n<span class=\"arve-inner\"><br \/>\n<span class=\"arve-embed arve-embed--has-aspect-ratio\"><br \/>\n<span class=\"arve-ar\" style=\"padding-top:56.200000%\"><\/span><br \/>\n<meta itemprop=\"embedURL\" content=\"https:\/\/www.youtube-nocookie.com\/embed\/HZ0cMJfkAa8?feature=oembed&amp;wmode=opaque&amp;iv_load_policy=3&amp;modestbranding=1&amp;rel=0&amp;autohide=1&amp;playsinline=0&amp;autoplay=0\"><br \/>\n<iframe loading=\"lazy\" allow=\"accelerometer; autoplay; clipboard-write; encrypted-media; gyroscope; picture-in-picture\" allowfullscreen class=\"arve-iframe fitvidsignore\" data-arve=\"arve-youtube-hz0cmjfkaa869f1be233611f087773060\" data-src-no-ap=\"https:\/\/www.youtube-nocookie.com\/embed\/HZ0cMJfkAa8?feature=oembed&amp;wmode=opaque&amp;iv_load_policy=3&amp;modestbranding=1&amp;rel=0&amp;autohide=1&amp;playsinline=0&amp;autoplay=0\" frameborder=\"0\" height=\"505.8\" sandbox=\"allow-scripts allow-same-origin allow-presentation allow-popups allow-popups-to-escape-sandbox\" scrolling=\"no\" src=\"https:\/\/www.youtube-nocookie.com\/embed\/HZ0cMJfkAa8?feature=oembed&amp;wmode=opaque&#038;iv_load_policy=3&#038;modestbranding=1&#038;rel=0&#038;autohide=1&#038;playsinline=0&#038;autoplay=0\" width=\"900\"><\/iframe><\/p>\n<p><\/span><\/p>\n<p><\/span><\/p>\n<\/div>\n<p>Source : Collectif d&rsquo;\u00e9conomie sociale du Coll\u00e8ge Ahuntsic<\/p>\n","protected":false},"excerpt":{"rendered":"<p>Quelques 200 personnes sont venues au Coll\u00e8ge le 22 novembre dernier, dans le cadre du Forum Ahuntsic en devenir organis\u00e9 par Solidarit\u00e9 Ahuntsic. Apr\u00e8s le mot d\u2019accueil de M.\u00a0Benoit Pag\u00e9, directeur g\u00e9n\u00e9ral du Coll\u00e8ge, les participants \u2013 dont une quinzaine d\u2019employ\u00e9s et d\u2019\u00e9tudiants du Coll\u00e8ge Ahuntsic \u2013 ont pris part aux discussions sur l\u2019avenir du [&hellip;]<\/p>\n","protected":false},"author":2,"featured_media":3813,"comment_status":"closed","ping_status":"closed","sticky":false,"template":"","format":"standard","meta":{"_expiration-date-status":"saved","_expiration-date":0,"_expiration-date-type":"","_expiration-date-categories":[],"_expiration-date-options":[]},"categories":[2],"tags":[],"_links":{"self":[{"href":"http:\/\/cahuntsic.ca\/bulletin-express\/wp-json\/wp\/v2\/posts\/3797"}],"collection":[{"href":"http:\/\/cahuntsic.ca\/bulletin-express\/wp-json\/wp\/v2\/posts"}],"about":[{"href":"http:\/\/cahuntsic.ca\/bulletin-express\/wp-json\/wp\/v2\/types\/post"}],"author":[{"embeddable":true,"href":"http:\/\/cahuntsic.ca\/bulletin-express\/wp-json\/wp\/v2\/users\/2"}],"replies":[{"embeddable":true,"href":"http:\/\/cahuntsic.ca\/bulletin-express\/wp-json\/wp\/v2\/comments?post=3797"}],"version-history":[{"count":11,"href":"http:\/\/cahuntsic.ca\/bulletin-express\/wp-json\/wp\/v2\/posts\/3797\/revisions"}],"predecessor-version":[{"id":3816,"href":"http:\/\/cahuntsic.ca\/bulletin-express\/wp-json\/wp\/v2\/posts\/3797\/revisions\/3816"}],"wp:featuredmedia":[{"embeddable":true,"href":"http:\/\/cahuntsic.ca\/bulletin-express\/wp-json\/wp\/v2\/media\/3813"}],"wp:attachment":[{"href":"http:\/\/cahuntsic.ca\/bulletin-express\/wp-json\/wp\/v2\/media?parent=3797"}],"wp:term":[{"taxonomy":"category","embeddable":true,"href":"http:\/\/cahuntsic.ca\/bulletin-express\/wp-json\/wp\/v2\/categories?post=3797"},{"taxonomy":"post_tag","embeddable":true,"href":"http:\/\/cahuntsic.ca\/bulletin-express\/wp-json\/wp\/v2\/tags?post=3797"}],"curies":[{"name":"wp","href":"https:\/\/api.w.org\/{rel}","templated":true}]}}