{"id":4762,"date":"2015-03-31T16:12:48","date_gmt":"2015-03-31T20:12:48","guid":{"rendered":"http:\/\/cahuntsic.ca\/bulletin-express\/?p=4762"},"modified":"2015-04-02T11:45:40","modified_gmt":"2015-04-02T15:45:40","slug":"projet-de-cite-des-etudes-techniques-en-1950capsule-historique-le-saviez-vous","status":"publish","type":"post","link":"http:\/\/cahuntsic.ca\/bulletin-express\/projet-de-cite-des-etudes-techniques-en-1950capsule-historique-le-saviez-vous\/","title":{"rendered":"Projet de \u00ab Cit\u00e9 des \u00e9tudes techniques \u00bb en 1950<br>capsule historique &#8211; le saviez-vous?"},"content":{"rendered":"<p><span style=\"color: #000000;\"><a href=\"http:\/\/cahuntsic.ca\/bulletin-express\/?attachment_id=4765\" rel=\"attachment wp-att-4765\"><img loading=\"lazy\" class=\"alignright size-medium wp-image-4765\" src=\"http:\/\/cahuntsic.ca\/bulletin-express\/wp-content\/uploads\/2015\/03\/paul_sauve_1960-216x300.jpg\" alt=\"paul_sauve_1960\" width=\"216\" height=\"300\" srcset=\"http:\/\/cahuntsic.ca\/bulletin-express\/wp-content\/uploads\/2015\/03\/paul_sauve_1960-216x300.jpg 216w, http:\/\/cahuntsic.ca\/bulletin-express\/wp-content\/uploads\/2015\/03\/paul_sauve_1960.jpg 591w\" sizes=\"(max-width: 216px) 100vw, 216px\" \/><\/a>\u00c0 la fin des ann\u00e9es 50, Paul Sauv\u00e9, alors ministre du Bien-\u00eatre social et de la Jeunesse, envisageait de construire une \u00ab Cit\u00e9 des \u00e9tudes techniques \u00bb,\u00a0l\u00e0 o\u00f9 se trouve aujourd\u2019hui le Coll\u00e8ge Ahuntsic et les terrains avoisinants. Ce projet aurait compris les \u00e9tablissements suivants : l\u2019\u00c9cole des m\u00e9tiers de Montr\u00e9al \u2013 section nord, le Patronage Jean-le-Pr\u00e9vost, l\u2019Institut Dominique-Savio, un centre sportif, une autre \u00e9cole de l\u2019enseignement sp\u00e9cialis\u00e9 et une annexe \u00e0 l\u2019\u00c9cole des arts graphiques.<\/span><\/p>\n<p><span style=\"color: #000000;\">Source : Archives du Coll\u00e8ge Ahuntsic<\/span><\/p>\n<p><em>Photo : Toronto Star (photographe anonyme)<\/em><\/p>\n","protected":false},"excerpt":{"rendered":"<p>\u00c0 la fin des ann\u00e9es 50, Paul Sauv\u00e9, alors ministre du Bien-\u00eatre social et de la Jeunesse, envisageait de construire une \u00ab Cit\u00e9 des \u00e9tudes techniques \u00bb,\u00a0l\u00e0 o\u00f9 se trouve aujourd\u2019hui le Coll\u00e8ge Ahuntsic et les terrains avoisinants. Ce projet aurait compris les \u00e9tablissements suivants : l\u2019\u00c9cole des m\u00e9tiers de Montr\u00e9al \u2013 section nord, le [&hellip;]<\/p>\n","protected":false},"author":2,"featured_media":4787,"comment_status":"closed","ping_status":"closed","sticky":false,"template":"","format":"standard","meta":{"_expiration-date-status":"saved","_expiration-date":0,"_expiration-date-type":"","_expiration-date-categories":[],"_expiration-date-options":[]},"categories":[2],"tags":[],"_links":{"self":[{"href":"http:\/\/cahuntsic.ca\/bulletin-express\/wp-json\/wp\/v2\/posts\/4762"}],"collection":[{"href":"http:\/\/cahuntsic.ca\/bulletin-express\/wp-json\/wp\/v2\/posts"}],"about":[{"href":"http:\/\/cahuntsic.ca\/bulletin-express\/wp-json\/wp\/v2\/types\/post"}],"author":[{"embeddable":true,"href":"http:\/\/cahuntsic.ca\/bulletin-express\/wp-json\/wp\/v2\/users\/2"}],"replies":[{"embeddable":true,"href":"http:\/\/cahuntsic.ca\/bulletin-express\/wp-json\/wp\/v2\/comments?post=4762"}],"version-history":[{"count":5,"href":"http:\/\/cahuntsic.ca\/bulletin-express\/wp-json\/wp\/v2\/posts\/4762\/revisions"}],"predecessor-version":[{"id":4766,"href":"http:\/\/cahuntsic.ca\/bulletin-express\/wp-json\/wp\/v2\/posts\/4762\/revisions\/4766"}],"wp:featuredmedia":[{"embeddable":true,"href":"http:\/\/cahuntsic.ca\/bulletin-express\/wp-json\/wp\/v2\/media\/4787"}],"wp:attachment":[{"href":"http:\/\/cahuntsic.ca\/bulletin-express\/wp-json\/wp\/v2\/media?parent=4762"}],"wp:term":[{"taxonomy":"category","embeddable":true,"href":"http:\/\/cahuntsic.ca\/bulletin-express\/wp-json\/wp\/v2\/categories?post=4762"},{"taxonomy":"post_tag","embeddable":true,"href":"http:\/\/cahuntsic.ca\/bulletin-express\/wp-json\/wp\/v2\/tags?post=4762"}],"curies":[{"name":"wp","href":"https:\/\/api.w.org\/{rel}","templated":true}]}}