{"id":4899,"date":"2015-04-17T16:00:30","date_gmt":"2015-04-17T20:00:30","guid":{"rendered":"http:\/\/cahuntsic.ca\/bulletin-express\/?p=4899"},"modified":"2015-04-17T16:03:38","modified_gmt":"2015-04-17T20:03:38","slug":"lipad-pour-lepreuve-synthese-de-programme-de-la-classe-au-musee","status":"publish","type":"post","link":"http:\/\/cahuntsic.ca\/bulletin-express\/lipad-pour-lepreuve-synthese-de-programme-de-la-classe-au-musee\/","title":{"rendered":"L\u2019iPad pour l\u2019\u00e9preuve synth\u00e8se de programme :<br>de la classe au mus\u00e9e!"},"content":{"rendered":"<p><span style=\"color: #000000;\">Au Coll\u00e8ge Ahuntsic, dans le programme Langues, monde et cultures, les cours d\u2019allemand int\u00e8grent l\u2019utilisation de tablettes iPad pour la r\u00e9alisation d\u2019activit\u00e9s d\u2019apprentissage. Par exemple, de courtes activit\u00e9s ainsi que des projets \u00e0 long terme sont organis\u00e9s dans les cours avec les tablettes.<\/span><\/p>\n<p><span style=\"color: #000000;\"> Les activit\u00e9s sont vari\u00e9es, passant des vid\u00e9oclips de musique aux romans-photos, de la publicit\u00e9 aux jeux-questionnaires interactifs. De plus, le projet de fin d\u2019\u00e9tudes en allemand, port\u00e9 par le cours Projet allemand : langue et langages, se r\u00e9alise en collaboration avec le Mus\u00e9e des beaux-arts de Montr\u00e9al (MBAM) depuis plusieurs ann\u00e9es. Au cours des deux derni\u00e8res ann\u00e9es, l\u2019\u00e9quipe d&rsquo;enseignants de langue allemande a int\u00e9gr\u00e9 les tablettes iPad dans un projet p\u00e9dagogique novateur avec la collaboration de Lisa Tremblay, conseill\u00e8re p\u00e9dagogique au Coll\u00e8ge Ahuntsic.<\/span><\/p>\n<p><span style=\"color: #000000;\">Les instigateurs du projet ont rencontr\u00e9 Marc-Andr\u00e9 Laflamme de Profweb, qui a recueilli et mis en forme leurs propos. Ce r\u00e9cit esquisse le projet d\u2019exp\u00e9rimentation iPad et les d\u00e9fis associ\u00e9s \u00e0 l&rsquo;int\u00e9gration de cet outil num\u00e9rique afin de dynamiser les activit\u00e9s p\u00e9dagogiques.<\/span><\/p>\n<p><span style=\"color: #0000ff;\"><a style=\"color: #0000ff;\" href=\"http:\/\/www.profweb.ca\/publications\/recits\/l-ipad-pour-l-epreuve-synthese-de-programme-de-la-classe-au-musee?utm_source=Infolettre+francophone&amp;utm_campaign=4827562cff-Infolettre_fr_14avril2015&amp;utm_medium=email&amp;utm_term=0_6e94503967-4827562cff-138929309\">&gt;&gt;&gt; Lire la suite sur le site de Profweb<\/a><\/span><\/p>\n<p><span style=\"color: #000000;\">Source : Services de soutien \u00e0 l&rsquo;apprentissage<\/span><\/p>\n","protected":false},"excerpt":{"rendered":"<p>Au Coll\u00e8ge Ahuntsic, dans le programme Langues, monde et cultures, les cours d\u2019allemand int\u00e8grent l\u2019utilisation de tablettes iPad pour la r\u00e9alisation d\u2019activit\u00e9s d\u2019apprentissage. Par exemple, de courtes activit\u00e9s ainsi que des projets \u00e0 long terme sont organis\u00e9s dans les cours avec les tablettes. Les activit\u00e9s sont vari\u00e9es, passant des vid\u00e9oclips de musique aux romans-photos, de [&hellip;]<\/p>\n","protected":false},"author":2,"featured_media":4902,"comment_status":"closed","ping_status":"closed","sticky":false,"template":"","format":"standard","meta":{"_expiration-date-status":"saved","_expiration-date":0,"_expiration-date-type":"","_expiration-date-categories":[],"_expiration-date-options":[]},"categories":[2],"tags":[],"_links":{"self":[{"href":"http:\/\/cahuntsic.ca\/bulletin-express\/wp-json\/wp\/v2\/posts\/4899"}],"collection":[{"href":"http:\/\/cahuntsic.ca\/bulletin-express\/wp-json\/wp\/v2\/posts"}],"about":[{"href":"http:\/\/cahuntsic.ca\/bulletin-express\/wp-json\/wp\/v2\/types\/post"}],"author":[{"embeddable":true,"href":"http:\/\/cahuntsic.ca\/bulletin-express\/wp-json\/wp\/v2\/users\/2"}],"replies":[{"embeddable":true,"href":"http:\/\/cahuntsic.ca\/bulletin-express\/wp-json\/wp\/v2\/comments?post=4899"}],"version-history":[{"count":4,"href":"http:\/\/cahuntsic.ca\/bulletin-express\/wp-json\/wp\/v2\/posts\/4899\/revisions"}],"predecessor-version":[{"id":4904,"href":"http:\/\/cahuntsic.ca\/bulletin-express\/wp-json\/wp\/v2\/posts\/4899\/revisions\/4904"}],"wp:featuredmedia":[{"embeddable":true,"href":"http:\/\/cahuntsic.ca\/bulletin-express\/wp-json\/wp\/v2\/media\/4902"}],"wp:attachment":[{"href":"http:\/\/cahuntsic.ca\/bulletin-express\/wp-json\/wp\/v2\/media?parent=4899"}],"wp:term":[{"taxonomy":"category","embeddable":true,"href":"http:\/\/cahuntsic.ca\/bulletin-express\/wp-json\/wp\/v2\/categories?post=4899"},{"taxonomy":"post_tag","embeddable":true,"href":"http:\/\/cahuntsic.ca\/bulletin-express\/wp-json\/wp\/v2\/tags?post=4899"}],"curies":[{"name":"wp","href":"https:\/\/api.w.org\/{rel}","templated":true}]}}