{"id":4979,"date":"2015-04-24T14:25:18","date_gmt":"2015-04-24T18:25:18","guid":{"rendered":"http:\/\/cahuntsic.ca\/bulletin-express\/?p=4979"},"modified":"2015-04-24T16:16:08","modified_gmt":"2015-04-24T20:16:08","slug":"inauguration-de-la-coop-ahuntsic-un-vent-de-renouveau","status":"publish","type":"post","link":"http:\/\/cahuntsic.ca\/bulletin-express\/inauguration-de-la-coop-ahuntsic-un-vent-de-renouveau\/","title":{"rendered":"Inauguration de la COOP Ahuntsic :<br>un vent de renouveau!"},"content":{"rendered":"<p><span style=\"color: #000000;\"><a href=\"http:\/\/cahuntsic.ca\/bulletin-express\/wp-content\/uploads\/2015\/04\/ColAhuntsic_Inauguration_COOP.jpg\"><img loading=\"lazy\" class=\"alignright size-medium wp-image-4982\" src=\"http:\/\/cahuntsic.ca\/bulletin-express\/wp-content\/uploads\/2015\/04\/ColAhuntsic_Inauguration_COOP-300x209.jpg\" alt=\"ColAhuntsic_Inauguration_COOP\" width=\"300\" height=\"209\" srcset=\"http:\/\/cahuntsic.ca\/bulletin-express\/wp-content\/uploads\/2015\/04\/ColAhuntsic_Inauguration_COOP-300x209.jpg 300w, http:\/\/cahuntsic.ca\/bulletin-express\/wp-content\/uploads\/2015\/04\/ColAhuntsic_Inauguration_COOP-1024x713.jpg 1024w, http:\/\/cahuntsic.ca\/bulletin-express\/wp-content\/uploads\/2015\/04\/ColAhuntsic_Inauguration_COOP-600x418.jpg 600w\" sizes=\"(max-width: 300px) 100vw, 300px\" \/><\/a>La Coop Ahuntsic a c\u00e9l\u00e9br\u00e9 hier sa r\u00e9ouverture dans de nouveaux locaux, au 9155 rue Saint-Hubert, \u00e0 Montr\u00e9al. Pr\u00e9sente dans le quartier Ahuntsic depuis plus de 40 ans, la Coop Ahuntsic, qui compte plusieurs milliers de membres, profite ainsi d\u2019un vent de renouveau, tant sur le plan de l\u2019offre de produits que sur celui de l\u2019ambiance du magasin.<\/span><\/p>\n<h3>Un projet majeur<\/h3>\n<p><span style=\"color: #000000;\">Ce projet couronne des ann\u00e9es de planification et d\u2019efforts. En effet, le d\u00e9m\u00e9nagement de la Coop du sous-sol au rez-de-chauss\u00e9e et la transformation du magasin ont n\u00e9cessit\u00e9 plusieurs mois de travaux intenses. Dot\u00e9e d\u2019une superficie de 3\u00a0000 pieds carr\u00e9s, la Coop\u00e9rative offre une surface de magasinage a\u00e9r\u00e9e et agr\u00e9able. Strat\u00e9giquement situ\u00e9e dans l\u2019entr\u00e9e principale du Coll\u00e8ge, elle a maintenant pignon sur rue, ce qui lui permettra d\u2019attirer plus facilement une client\u00e8le provenant de l\u2019ext\u00e9rieur du Coll\u00e8ge. De plus, la litt\u00e9rature g\u00e9n\u00e9rale y occupe d\u00e9sormais une place de choix, puisque la Coop Ahuntsic est une librairie agr\u00e9\u00e9e.<\/span><\/p>\n<h3>Inauguration du 23 avril<\/h3>\n<p><span style=\"color: #000000;\">L\u2019inauguration du 23 avril a rassembl\u00e9 quelque 120 personnes, dont plusieurs employ\u00e9s actuels et anciens du Coll\u00e8ge Ahuntsic. Dans leurs allocutions, Benoit Pag\u00e9, directeur g\u00e9n\u00e9ral du Coll\u00e8ge Ahuntsic, \u00c9milie Thuillier, conseill\u00e8re de ville dans le district d\u2019Ahuntsic, Guy Lafontaine, enseignant au Coll\u00e8ge et pr\u00e9sident du conseil d\u2019administration de la COOP, et Marie-Claude Duquette, directrice g\u00e9n\u00e9rale de la COOP, ont salu\u00e9 le succ\u00e8s du projet et remerci\u00e9 chaleureusement tous ceux et celles qui ont contribu\u00e9 \u00e0 sa r\u00e9alisation.<\/span><\/p>\n<p><strong><a href=\"https:\/\/www.flickr.com\/photos\/college-ahuntsic\/sets\/72157652161720955\/\">&gt;&gt;&gt; Voir les photos de l&rsquo;inauguration<\/a><\/strong><\/p>\n<h3>Nouvel \u00e9lan pour la COOP<\/h3>\n<p><span style=\"color: #000000;\">\u00ab\u00a0Dans le contexte de la mise \u00e0 jour commerciale des coop\u00e9ratives de la FCQMS, nous sommes fiers du changement apport\u00e9 \u00e0 notre coop\u00e9rative et avons bon espoir que notre pr\u00e9sence dans la communaut\u00e9 coll\u00e9giale et dans le quartier sera un avantage significatif\u00a0\u00bb, a soulign\u00e9 M<sup>me\u00a0<\/sup>Duquette. La directrice se dit heureuse de compter depuis plusieurs ann\u00e9es sur une \u00e9quipe solide et comp\u00e9tente qui permettra \u00e0 la Coop de r\u00e9pondre aux besoins de la client\u00e8le actuelle et future.<\/span><\/p>\n<p><span style=\"color: #000000;\">\u00ab\u00a0Notre mission est de s\u2019investir aupr\u00e8s des communaut\u00e9s que nous desservons. Voil\u00e0 pourquoi nous sommes fiers de contribuer \u00e0 dynamiser l\u2019\u00e9conomie locale, gr\u00e2ce \u00e0 nos investissements en dons et en commandites, et \u00e0 titre de partenaires de l\u2019\u00e9conomie sociale\u00a0\u00bb, conclut Mme Duquette.<\/span><\/p>\n<p><span style=\"color: #000000;\">Source : COOP Ahuntsic et Service des communications<\/span><\/p>\n","protected":false},"excerpt":{"rendered":"<p>La Coop Ahuntsic a c\u00e9l\u00e9br\u00e9 hier sa r\u00e9ouverture dans de nouveaux locaux, au 9155 rue Saint-Hubert, \u00e0 Montr\u00e9al. Pr\u00e9sente dans le quartier Ahuntsic depuis plus de 40 ans, la Coop Ahuntsic, qui compte plusieurs milliers de membres, profite ainsi d\u2019un vent de renouveau, tant sur le plan de l\u2019offre de produits que sur celui de [&hellip;]<\/p>\n","protected":false},"author":2,"featured_media":4982,"comment_status":"closed","ping_status":"closed","sticky":false,"template":"","format":"standard","meta":{"_expiration-date-status":"saved","_expiration-date":0,"_expiration-date-type":"","_expiration-date-categories":[],"_expiration-date-options":[]},"categories":[2],"tags":[],"_links":{"self":[{"href":"http:\/\/cahuntsic.ca\/bulletin-express\/wp-json\/wp\/v2\/posts\/4979"}],"collection":[{"href":"http:\/\/cahuntsic.ca\/bulletin-express\/wp-json\/wp\/v2\/posts"}],"about":[{"href":"http:\/\/cahuntsic.ca\/bulletin-express\/wp-json\/wp\/v2\/types\/post"}],"author":[{"embeddable":true,"href":"http:\/\/cahuntsic.ca\/bulletin-express\/wp-json\/wp\/v2\/users\/2"}],"replies":[{"embeddable":true,"href":"http:\/\/cahuntsic.ca\/bulletin-express\/wp-json\/wp\/v2\/comments?post=4979"}],"version-history":[{"count":5,"href":"http:\/\/cahuntsic.ca\/bulletin-express\/wp-json\/wp\/v2\/posts\/4979\/revisions"}],"predecessor-version":[{"id":4985,"href":"http:\/\/cahuntsic.ca\/bulletin-express\/wp-json\/wp\/v2\/posts\/4979\/revisions\/4985"}],"wp:featuredmedia":[{"embeddable":true,"href":"http:\/\/cahuntsic.ca\/bulletin-express\/wp-json\/wp\/v2\/media\/4982"}],"wp:attachment":[{"href":"http:\/\/cahuntsic.ca\/bulletin-express\/wp-json\/wp\/v2\/media?parent=4979"}],"wp:term":[{"taxonomy":"category","embeddable":true,"href":"http:\/\/cahuntsic.ca\/bulletin-express\/wp-json\/wp\/v2\/categories?post=4979"},{"taxonomy":"post_tag","embeddable":true,"href":"http:\/\/cahuntsic.ca\/bulletin-express\/wp-json\/wp\/v2\/tags?post=4979"}],"curies":[{"name":"wp","href":"https:\/\/api.w.org\/{rel}","templated":true}]}}