{"id":5199,"date":"2015-05-26T11:35:19","date_gmt":"2015-05-26T15:35:19","guid":{"rendered":"http:\/\/cahuntsic.ca\/bulletin-express\/?p=5199"},"modified":"2015-05-26T11:35:31","modified_gmt":"2015-05-26T15:35:31","slug":"caroline-proulx-prononce-une-conferencea-lehess-de-paris","status":"publish","type":"post","link":"http:\/\/cahuntsic.ca\/bulletin-express\/caroline-proulx-prononce-une-conferencea-lehess-de-paris\/","title":{"rendered":"Caroline Proulx prononce une conf\u00e9rence<br>\u00e0 l&rsquo;EHESS de Paris"},"content":{"rendered":"<p><span style=\"color: #000000;\"><a href=\"http:\/\/cahuntsic.ca\/bulletin-express\/wp-content\/uploads\/2015\/05\/Caroline_Proulx.jpg\"><img loading=\"lazy\" class=\"alignright size-medium wp-image-5201\" src=\"http:\/\/cahuntsic.ca\/bulletin-express\/wp-content\/uploads\/2015\/05\/Caroline_Proulx-256x300.jpg\" alt=\"Caroline_Proulx\" width=\"256\" height=\"300\" srcset=\"http:\/\/cahuntsic.ca\/bulletin-express\/wp-content\/uploads\/2015\/05\/Caroline_Proulx-256x300.jpg 256w, http:\/\/cahuntsic.ca\/bulletin-express\/wp-content\/uploads\/2015\/05\/Caroline_Proulx.jpg 335w\" sizes=\"(max-width: 256px) 100vw, 256px\" \/><\/a>Caroline Proulx, enseignante en Fran\u00e7ais et Lettres au Coll\u00e8ge, a donn\u00e9 une conf\u00e9rence \u00e0 l&rsquo;\u00c9cole des hautes \u00e9tudes en sciences sociales (EHESS), \u00e0 Paris, le 13 mai 2015.<\/span><\/p>\n<p><span style=\"color: #000000;\"> Mme Proulx a pr\u00e9sent\u00e9 ses recherches en cours dans le cadre d&rsquo;un s\u00e9minaire intitul\u00e9 \u00ab Ethnocritique de la litt\u00e9rature \u00bb. Le s\u00e9minaire abordait plus sp\u00e9cifiquement les probl\u00e8mes de la culture dans la langue des fictions litt\u00e9raires. Le Coll\u00e8ge lui transmet ses plus sinc\u00e8res f\u00e9licitations!<\/span><\/p>\n<p><span style=\"color: #000000;\">Source : Service des communications\u00a0<\/span><\/p>\n","protected":false},"excerpt":{"rendered":"<p>Caroline Proulx, enseignante en Fran\u00e7ais et Lettres au Coll\u00e8ge, a donn\u00e9 une conf\u00e9rence \u00e0 l&rsquo;\u00c9cole des hautes \u00e9tudes en sciences sociales (EHESS), \u00e0 Paris, le 13 mai 2015. Mme Proulx a pr\u00e9sent\u00e9 ses recherches en cours dans le cadre d&rsquo;un s\u00e9minaire intitul\u00e9 \u00ab Ethnocritique de la litt\u00e9rature \u00bb. Le s\u00e9minaire abordait plus sp\u00e9cifiquement les probl\u00e8mes [&hellip;]<\/p>\n","protected":false},"author":2,"featured_media":5200,"comment_status":"closed","ping_status":"closed","sticky":false,"template":"","format":"standard","meta":{"_expiration-date-status":"saved","_expiration-date":0,"_expiration-date-type":"","_expiration-date-categories":[],"_expiration-date-options":[]},"categories":[2],"tags":[],"_links":{"self":[{"href":"http:\/\/cahuntsic.ca\/bulletin-express\/wp-json\/wp\/v2\/posts\/5199"}],"collection":[{"href":"http:\/\/cahuntsic.ca\/bulletin-express\/wp-json\/wp\/v2\/posts"}],"about":[{"href":"http:\/\/cahuntsic.ca\/bulletin-express\/wp-json\/wp\/v2\/types\/post"}],"author":[{"embeddable":true,"href":"http:\/\/cahuntsic.ca\/bulletin-express\/wp-json\/wp\/v2\/users\/2"}],"replies":[{"embeddable":true,"href":"http:\/\/cahuntsic.ca\/bulletin-express\/wp-json\/wp\/v2\/comments?post=5199"}],"version-history":[{"count":2,"href":"http:\/\/cahuntsic.ca\/bulletin-express\/wp-json\/wp\/v2\/posts\/5199\/revisions"}],"predecessor-version":[{"id":5203,"href":"http:\/\/cahuntsic.ca\/bulletin-express\/wp-json\/wp\/v2\/posts\/5199\/revisions\/5203"}],"wp:featuredmedia":[{"embeddable":true,"href":"http:\/\/cahuntsic.ca\/bulletin-express\/wp-json\/wp\/v2\/media\/5200"}],"wp:attachment":[{"href":"http:\/\/cahuntsic.ca\/bulletin-express\/wp-json\/wp\/v2\/media?parent=5199"}],"wp:term":[{"taxonomy":"category","embeddable":true,"href":"http:\/\/cahuntsic.ca\/bulletin-express\/wp-json\/wp\/v2\/categories?post=5199"},{"taxonomy":"post_tag","embeddable":true,"href":"http:\/\/cahuntsic.ca\/bulletin-express\/wp-json\/wp\/v2\/tags?post=5199"}],"curies":[{"name":"wp","href":"https:\/\/api.w.org\/{rel}","templated":true}]}}