{"id":5275,"date":"2015-06-11T15:00:50","date_gmt":"2015-06-11T19:00:50","guid":{"rendered":"http:\/\/cahuntsic.ca\/bulletin-express\/?p=5275"},"modified":"2015-06-11T15:17:24","modified_gmt":"2015-06-11T19:17:24","slug":"hommage-a-nos-retraites-de-lannee-2014-2015","status":"publish","type":"post","link":"http:\/\/cahuntsic.ca\/bulletin-express\/hommage-a-nos-retraites-de-lannee-2014-2015\/","title":{"rendered":"Hommage \u00e0 nos retrait\u00e9s de l&rsquo;ann\u00e9e 2014-2015"},"content":{"rendered":"<p><span style=\"color: #000000;\">Une f\u00eate a \u00e9t\u00e9 organis\u00e9e le 9 juin dernier pour rendre hommage aux employ\u00e9s qui ont pris &#8211; ou qui prendront sous peu &#8211; leur retraite en 2014-2015. Trente-trois employ\u00e9s ont quitt\u00e9 le Coll\u00e8ge cette ann\u00e9e pour entreprendre une autre \u00e9tape de leur vie, et 22 d&rsquo;entre eux ont particip\u00e9 \u00e0 cette f\u00eate.<\/span><\/p>\n<p><a href=\"http:\/\/cahuntsic.ca\/bulletin-express\/wp-content\/uploads\/2015\/06\/Photo_retraites_9juin_Xpress.jpg\"><img loading=\"lazy\" class=\"aligncenter size-large wp-image-5287\" src=\"http:\/\/cahuntsic.ca\/bulletin-express\/wp-content\/uploads\/2015\/06\/Photo_retraites_9juin_Xpress-1024x460.jpg\" alt=\"Photo_retraites_9juin_Xpress\" width=\"1024\" height=\"460\" srcset=\"http:\/\/cahuntsic.ca\/bulletin-express\/wp-content\/uploads\/2015\/06\/Photo_retraites_9juin_Xpress-1024x460.jpg 1024w, http:\/\/cahuntsic.ca\/bulletin-express\/wp-content\/uploads\/2015\/06\/Photo_retraites_9juin_Xpress-300x135.jpg 300w, http:\/\/cahuntsic.ca\/bulletin-express\/wp-content\/uploads\/2015\/06\/Photo_retraites_9juin_Xpress-600x270.jpg 600w\" sizes=\"(max-width: 1024px) 100vw, 1024px\" \/><\/a>Les invit\u00e9s ont pu \u00e9changer au cours d&rsquo;un cocktail, avec un accompagnement au piano. Par la suite, Mme Anne Milot, secr\u00e9taire g\u00e9n\u00e9rale et des affaires corporatives et directrice des communications, et M. Benoit Pag\u00e9, directeur g\u00e9n\u00e9ral, ont fait des allocutions pour souligner la contribution des f\u00eat\u00e9s et pour souligner cette \u00e9tape importante de leur vie. Mme Christiane Cousineau, enseignante en math\u00e9matiques et membre du comit\u00e9 organisateur, a aussi lu un texte po\u00e9tique dans lequel elle expliquait ses sources d&rsquo;inspiration pour la conception de l&rsquo;affiche souvenir remise aux employ\u00e9s f\u00eat\u00e9s.<\/p>\n<p>Cette affiche, une cr\u00e9ation de Sylvie Dufresne, infographiste, et de Christiane Cousineau, \u00e0 la conception, se veut un clin d\u2019\u0153il amical et reconnaissant, de l&rsquo;engagement au Coll\u00e8ge Ahuntsic des employ\u00e9s qui prennent leur retraite. Les noms de tous les retrait\u00e9s apparaissent fi\u00e8rement sur cette affiche-souvenir, qui en est \u00e0 sa 3e\u00a0\u00e9dition.<\/p>\n<p>Chacun des retrait\u00e9s a ensuite \u00e9t\u00e9 appel\u00e9s \u00e0 l&rsquo;avant pour recevoir un cadeau, une rose et une copie de l&rsquo;affiche souvenir. Les employ\u00e9 suivants \u00e9taient pr\u00e9sents \u00e0 la c\u00e9r\u00e9monie :<\/p>\n<ul>\n<li><strong>Bernier, Alain<\/strong>, enseignant au D\u00e9partement de g\u00e9nie civil<\/li>\n<li><strong>Boualia, Abdelkader<\/strong>, enseignant au D\u00e9partement de chimie<\/li>\n<li><strong>Brouillard, Suzanne<\/strong>, technicienne en documentation, Service de soutien \u00e0 l\u2019apprentissage et du d\u00e9veloppement p\u00e9dagogique<\/li>\n<li><strong>D\u00e9cary, Andr\u00e9,<\/strong> enseignant au D\u00e9partement de math\u00e9matiques<\/li>\n<li><strong>Dourin, Marc,<\/strong> enseignant au D\u00e9partement de g\u00e9nie \u00e9lectrique<\/li>\n<li><strong>Dub\u00e9, Claude<\/strong>, enseignant au D\u00e9partement de l\u2019impression<\/li>\n<li><strong>Duquette, Claire<\/strong>, agente de soutien administratif au Service de l\u2019organisation de l\u2019enseignement<\/li>\n<li><strong>Fraser, Barbara<\/strong>, enseignante au D\u00e9partement d\u2019anglais<\/li>\n<li><strong>Fredette, Yves<\/strong>, directeur du Service des affaires \u00e9tudiantes<\/li>\n<li><strong>Gagnier, Pierre<\/strong>, enseignant au D\u00e9partement de math\u00e9matiques<\/li>\n<li><strong>Karam, Jean<\/strong>, enseignant au D\u00e9partement de sciences sociales<\/li>\n<li><strong>Labont\u00e9, Michel<\/strong>, enseignant au D\u00e9partement de mati\u00e8res plastiques<\/li>\n<li><strong>Lalonde, Manon<\/strong>, enseignante au D\u00e9partement de radiodiagnostic<\/li>\n<li><strong>Lalonde, Roch<\/strong>, conseiller p\u00e9dagogique au Service de l\u2019organisation de l\u2019enseignement<\/li>\n<li><strong>Laurin, Guy<\/strong>, enseignant au D\u00e9partement de g\u00e9nie \u00e9lectrique<\/li>\n<li><strong>Laverdi\u00e8re, Marie<\/strong>, enseignante au D\u00e9partement d\u2019\u00e9lectrophysiologie m\u00e9dicale<\/li>\n<li><strong>Levasseur, Jocelyne,<\/strong> conseill\u00e8re p\u00e9dagogique au Service du soutien \u00e0 l\u2019apprentissage et du d\u00e9veloppement p\u00e9dagogique<\/li>\n<li><strong>Masse, Denis,<\/strong> enseignant au D\u00e9partement de T.A.J.<\/li>\n<li><strong>M\u00e9nard, Lise<\/strong>, enseignante au D\u00e9partement de math\u00e9matiques<\/li>\n<li><strong>Morin, Line<\/strong>, enseignante au D\u00e9partement de T.A.J.<\/li>\n<li><strong>Roberge Beaulieu, Lyse,\u00a0<\/strong>agente de soutien administratif au Service du soutien \u00e0 l\u2019apprentissage et du d\u00e9veloppement p\u00e9dagogique<\/li>\n<li><strong>Sirois, Yvon<\/strong>, enseignant au D\u00e9partement d\u2019infographie<\/li>\n<\/ul>\n<p>Nous soulignons aussi la retraite des employ\u00e9s qui n&rsquo;ont pu \u00eatre pr\u00e9sents \u00e0 la c\u00e9r\u00e9monie :<\/p>\n<ul>\n<li><strong>Cardinal, Lucie, <\/strong>agente de soutien administratif \u00e0 la r\u00e9sidence.<\/li>\n<li><strong>Christiane Gosselin<\/strong>, enseignante au D\u00e9partement de gestion<\/li>\n<li><strong>Cloutier, Luc<\/strong>, enseignant au D\u00e9partement de m\u00e9decine nucl\u00e9aire<\/li>\n<li><strong>Delorme, Micheline<\/strong>, technicienne en travaux pratiques, Service de soutien \u00e0 l\u2019enseignement et aux activit\u00e9s internationales<\/li>\n<li><strong>Demers, Jeanne<\/strong>, enseignante au D\u00e9partement de T.A.J.<\/li>\n<li><strong>Dussault, Joanne F.<\/strong>, attach\u00e9e d\u2019administration au Service de soutien \u00e0 l\u2019enseignement et aux activit\u00e9s internationales<\/li>\n<li><strong>Leroux, H\u00e9l\u00e8ne <\/strong>enseignante au D\u00e9partement de gestion<\/li>\n<li><strong>Miron, Jean-Guy<\/strong>, man\u0153uvre au Service de l\u2019\u00e9quipement<\/li>\n<li><strong>Renaud, Jean-Marie<\/strong>, enseignant au D\u00e9partement de chimie<\/li>\n<li><strong>Tr\u00e9panier, Denise<\/strong>, agente de soutien administratif au Service de la comptabilit\u00e9<\/li>\n<li><strong>Vincent, Andr\u00e9<\/strong>, enseignant au D\u00e9partement d\u2019infographie.<\/li>\n<\/ul>\n<p>Nous vous invitons \u00e0 regarder quelques photos de l&rsquo;\u00e9v\u00e9nement.<\/p>\n<p><strong><a href=\"https:\/\/www.flickr.com\/photos\/college-ahuntsic\/sets\/72157653961924398\">&gt;&gt;&gt; Photos de la f\u00eate des retrait\u00e9s du 9 juin<\/a><\/strong><\/p>\n<p>Source : Direction des ressources humaines<\/p>\n<p>&nbsp;<\/p>\n","protected":false},"excerpt":{"rendered":"<p>Une f\u00eate a \u00e9t\u00e9 organis\u00e9e le 9 juin dernier pour rendre hommage aux employ\u00e9s qui ont pris &#8211; ou qui prendront sous peu &#8211; leur retraite en 2014-2015. Trente-trois employ\u00e9s ont quitt\u00e9 le Coll\u00e8ge cette ann\u00e9e pour entreprendre une autre \u00e9tape de leur vie, et 22 d&rsquo;entre eux ont particip\u00e9 \u00e0 cette f\u00eate. Les invit\u00e9s [&hellip;]<\/p>\n","protected":false},"author":2,"featured_media":5287,"comment_status":"closed","ping_status":"closed","sticky":false,"template":"","format":"standard","meta":{"_expiration-date-status":"saved","_expiration-date":0,"_expiration-date-type":"","_expiration-date-categories":[],"_expiration-date-options":[]},"categories":[2],"tags":[],"_links":{"self":[{"href":"http:\/\/cahuntsic.ca\/bulletin-express\/wp-json\/wp\/v2\/posts\/5275"}],"collection":[{"href":"http:\/\/cahuntsic.ca\/bulletin-express\/wp-json\/wp\/v2\/posts"}],"about":[{"href":"http:\/\/cahuntsic.ca\/bulletin-express\/wp-json\/wp\/v2\/types\/post"}],"author":[{"embeddable":true,"href":"http:\/\/cahuntsic.ca\/bulletin-express\/wp-json\/wp\/v2\/users\/2"}],"replies":[{"embeddable":true,"href":"http:\/\/cahuntsic.ca\/bulletin-express\/wp-json\/wp\/v2\/comments?post=5275"}],"version-history":[{"count":10,"href":"http:\/\/cahuntsic.ca\/bulletin-express\/wp-json\/wp\/v2\/posts\/5275\/revisions"}],"predecessor-version":[{"id":5288,"href":"http:\/\/cahuntsic.ca\/bulletin-express\/wp-json\/wp\/v2\/posts\/5275\/revisions\/5288"}],"wp:featuredmedia":[{"embeddable":true,"href":"http:\/\/cahuntsic.ca\/bulletin-express\/wp-json\/wp\/v2\/media\/5287"}],"wp:attachment":[{"href":"http:\/\/cahuntsic.ca\/bulletin-express\/wp-json\/wp\/v2\/media?parent=5275"}],"wp:term":[{"taxonomy":"category","embeddable":true,"href":"http:\/\/cahuntsic.ca\/bulletin-express\/wp-json\/wp\/v2\/categories?post=5275"},{"taxonomy":"post_tag","embeddable":true,"href":"http:\/\/cahuntsic.ca\/bulletin-express\/wp-json\/wp\/v2\/tags?post=5275"}],"curies":[{"name":"wp","href":"https:\/\/api.w.org\/{rel}","templated":true}]}}