{"id":5374,"date":"2015-08-18T17:00:36","date_gmt":"2015-08-18T21:00:36","guid":{"rendered":"http:\/\/cahuntsic.ca\/bulletin-express\/?p=5374"},"modified":"2015-08-18T15:04:07","modified_gmt":"2015-08-18T19:04:07","slug":"bienvenue-aux-nouveaux-employesautomne-2015","status":"publish","type":"post","link":"http:\/\/cahuntsic.ca\/bulletin-express\/bienvenue-aux-nouveaux-employesautomne-2015\/","title":{"rendered":"Bienvenue aux nouveaux employ\u00e9s!<br>automne 2015"},"content":{"rendered":"<p>Dix nouveaux employ\u00e9s ont particip\u00e9 \u00e0 la s\u00e9ance d\u2019accueil qui a \u00e9t\u00e9 organis\u00e9e \u00e0 leur intention, le 18 ao\u00fbt 2015, par la Direction des ressources humaines. Le Coll\u00e8ge est heureux et fier d\u2019accueillir 18 nouveaux membres. Nous leur souhaitons la plus cordiale bienvenue et une longue carri\u00e8re au Coll\u00e8ge Ahuntsic!<\/p>\n<p><a href=\"http:\/\/cahuntsic.ca\/bulletin-express\/wp-content\/uploads\/2015\/08\/Nouveaux_Employes_Automne_2015.jpg\"><img loading=\"lazy\" class=\"aligncenter  wp-image-5377\" src=\"http:\/\/cahuntsic.ca\/bulletin-express\/wp-content\/uploads\/2015\/08\/Nouveaux_Employes_Automne_2015-1024x772.jpg\" alt=\"Nouveaux_Employes_Automne_2015\" width=\"735\" height=\"554\" srcset=\"http:\/\/cahuntsic.ca\/bulletin-express\/wp-content\/uploads\/2015\/08\/Nouveaux_Employes_Automne_2015-1024x772.jpg 1024w, http:\/\/cahuntsic.ca\/bulletin-express\/wp-content\/uploads\/2015\/08\/Nouveaux_Employes_Automne_2015-300x226.jpg 300w, http:\/\/cahuntsic.ca\/bulletin-express\/wp-content\/uploads\/2015\/08\/Nouveaux_Employes_Automne_2015-600x453.jpg 600w, http:\/\/cahuntsic.ca\/bulletin-express\/wp-content\/uploads\/2015\/08\/Nouveaux_Employes_Automne_2015-400x300.jpg 400w, http:\/\/cahuntsic.ca\/bulletin-express\/wp-content\/uploads\/2015\/08\/Nouveaux_Employes_Automne_2015.jpg 1127w\" sizes=\"(max-width: 735px) 100vw, 735px\" \/><\/a><\/p>\n<p>Liste de tous les nouveaux employ\u00e9s &#8211; Automne 2015<\/p>\n<ul>\n<li><strong>Caroline Beaudry<\/strong>, technicienne en travaux pratiques, Service de soutien \u00e0 l&rsquo;enseignement et aux activit\u00e9s internationales<\/li>\n<li><strong>Jean-Fran\u00e7ois Bemeur<\/strong>, technicien en travaux pratiques, Service de soutien \u00e0 l&rsquo;enseignement et aux activit\u00e9s internationales<\/li>\n<li><strong>Leydy Ir\u00e8ne Trejo Escalante<\/strong>, technicienne en travaux pratiques, Service de soutien \u00e0 l&rsquo;enseignement et aux activit\u00e9s internationales<\/li>\n<li><strong>Christiane Hajj<\/strong>, technicienne en multim\u00e9dia, Service de soutien \u00e0 l&rsquo;apprentissage et du d\u00e9veloppement p\u00e9dagogique<\/li>\n<li><strong>Francis Desrochers<\/strong>, agent de pr\u00e9vention et s\u00e9curit\u00e9, Service de la s\u00e9curit\u00e9 et de la pr\u00e9vention<\/li>\n<li><strong>Michel Tr\u00e9panier<\/strong>, aide p\u00e9dagogique individuelle, Service de l&rsquo;organisation de l&rsquo;enseignement<\/li>\n<li><strong>Guillaume Benoit<\/strong>, technicien en administration, Service de l&rsquo;organisation de l&rsquo;enseignement<\/li>\n<li><strong>Monique Bourque<\/strong>, technicienne en administration, Service de la comptabilit\u00e9<\/li>\n<li><strong>Myl\u00e8ne Coderre<\/strong>, enseignante, D\u00e9partement des sciences sociales<\/li>\n<li><strong>Marie-Jos\u00e9e Desjardins<\/strong>, enseignante, D\u00e9partement des techniques auxiliaires de la justice<\/li>\n<li><strong>Cynthia Falaise<\/strong>, enseignante, D\u00e9partement des sciences sociales<\/li>\n<li><strong>Michel \u00c9ric Gauthier<\/strong>, enseignant, D\u00e9partement d&rsquo;impression<\/li>\n<li><strong>Julie Poulin de Courval<\/strong>, enseignante, D\u00e9partement de gestion<\/li>\n<li><strong>Kerlyne Fostin\u00e9<\/strong>, enseignante, D\u00e9partement d&rsquo;informatique<\/li>\n<li><strong>Jean-Fran\u00e7ois L\u00e9vesque<\/strong>, enseignant, D\u00e9partement de chimie<\/li>\n<li><strong>Dorca Donacin<\/strong>, enseignante, D\u00e9partement d&rsquo;archives m\u00e9dicales<\/li>\n<li><strong>Mariana Marroco<\/strong>, enseignante, D\u00e9partement de g\u00e9nie industriel<\/li>\n<li><strong>Roger Kanyinda<\/strong>, enseignant, D\u00e9partement de g\u00e9nie civil<\/li>\n<\/ul>\n<p>Source : Direction des ressources humaines<\/p>\n","protected":false},"excerpt":{"rendered":"<p>Dix nouveaux employ\u00e9s ont particip\u00e9 \u00e0 la s\u00e9ance d\u2019accueil qui a \u00e9t\u00e9 organis\u00e9e \u00e0 leur intention, le 18 ao\u00fbt 2015, par la Direction des ressources humaines. Le Coll\u00e8ge est heureux et fier d\u2019accueillir 18 nouveaux membres. Nous leur souhaitons la plus cordiale bienvenue et une longue carri\u00e8re au Coll\u00e8ge Ahuntsic! Liste de tous les nouveaux [&hellip;]<\/p>\n","protected":false},"author":2,"featured_media":5377,"comment_status":"closed","ping_status":"closed","sticky":false,"template":"","format":"standard","meta":{"_expiration-date-status":"saved","_expiration-date":0,"_expiration-date-type":"","_expiration-date-categories":[],"_expiration-date-options":[]},"categories":[2],"tags":[],"_links":{"self":[{"href":"http:\/\/cahuntsic.ca\/bulletin-express\/wp-json\/wp\/v2\/posts\/5374"}],"collection":[{"href":"http:\/\/cahuntsic.ca\/bulletin-express\/wp-json\/wp\/v2\/posts"}],"about":[{"href":"http:\/\/cahuntsic.ca\/bulletin-express\/wp-json\/wp\/v2\/types\/post"}],"author":[{"embeddable":true,"href":"http:\/\/cahuntsic.ca\/bulletin-express\/wp-json\/wp\/v2\/users\/2"}],"replies":[{"embeddable":true,"href":"http:\/\/cahuntsic.ca\/bulletin-express\/wp-json\/wp\/v2\/comments?post=5374"}],"version-history":[{"count":6,"href":"http:\/\/cahuntsic.ca\/bulletin-express\/wp-json\/wp\/v2\/posts\/5374\/revisions"}],"predecessor-version":[{"id":5380,"href":"http:\/\/cahuntsic.ca\/bulletin-express\/wp-json\/wp\/v2\/posts\/5374\/revisions\/5380"}],"wp:featuredmedia":[{"embeddable":true,"href":"http:\/\/cahuntsic.ca\/bulletin-express\/wp-json\/wp\/v2\/media\/5377"}],"wp:attachment":[{"href":"http:\/\/cahuntsic.ca\/bulletin-express\/wp-json\/wp\/v2\/media?parent=5374"}],"wp:term":[{"taxonomy":"category","embeddable":true,"href":"http:\/\/cahuntsic.ca\/bulletin-express\/wp-json\/wp\/v2\/categories?post=5374"},{"taxonomy":"post_tag","embeddable":true,"href":"http:\/\/cahuntsic.ca\/bulletin-express\/wp-json\/wp\/v2\/tags?post=5374"}],"curies":[{"name":"wp","href":"https:\/\/api.w.org\/{rel}","templated":true}]}}