{"id":5627,"date":"2015-09-18T14:11:34","date_gmt":"2015-09-18T18:11:34","guid":{"rendered":"http:\/\/cahuntsic.ca\/bulletin-express\/?p=5627"},"modified":"2015-09-18T14:13:03","modified_gmt":"2015-09-18T18:13:03","slug":"rencontre-litteraire-avec-yves-vaillancourt29-septembre-au-cafe-de-da","status":"publish","type":"post","link":"http:\/\/cahuntsic.ca\/bulletin-express\/rencontre-litteraire-avec-yves-vaillancourt29-septembre-au-cafe-de-da\/","title":{"rendered":"Rencontre litt\u00e9raire avec Yves Vaillancourt<br>29 septembre au Caf\u00e9 de Da"},"content":{"rendered":"<p><a href=\"http:\/\/cahuntsic.ca\/bulletin-express\/wp-content\/uploads\/2015\/02\/Vaillancourt_5816.jpg\"><img loading=\"lazy\" class=\"alignright size-medium wp-image-4292\" src=\"http:\/\/cahuntsic.ca\/bulletin-express\/wp-content\/uploads\/2015\/02\/Vaillancourt_5816-300x230.jpg\" alt=\"Vaillancourt_5816\" width=\"300\" height=\"230\" srcset=\"http:\/\/cahuntsic.ca\/bulletin-express\/wp-content\/uploads\/2015\/02\/Vaillancourt_5816-300x230.jpg 300w, http:\/\/cahuntsic.ca\/bulletin-express\/wp-content\/uploads\/2015\/02\/Vaillancourt_5816-1024x784.jpg 1024w, http:\/\/cahuntsic.ca\/bulletin-express\/wp-content\/uploads\/2015\/02\/Vaillancourt_5816-600x460.jpg 600w, http:\/\/cahuntsic.ca\/bulletin-express\/wp-content\/uploads\/2015\/02\/Vaillancourt_5816.jpg 1944w\" sizes=\"(max-width: 300px) 100vw, 300px\" \/><\/a>Yves Vaillancourt, enseignant en philosophie au Coll\u00e8ge, sera l&rsquo;h\u00f4te d&rsquo;une rencontre litt\u00e9raire, <strong>le mardi 29 septembre, \u00e0 19 h 30, au Caf\u00e9 de Da, \u00e0 la biblioth\u00e8que d&rsquo;Ahuntsic,\u00a0<\/strong>545, rue Fleury Est, Montr\u00e9al (Qu\u00e9bec) H3L 1G6.\u00a0Cette activit\u00e9 est pr\u00e9sent\u00e9e en collaboration avec Les \u00e9crivains francophones d\u2019Am\u00e9rique.<\/p>\n<p>\u00c9crivain, photographe et enseignant en philosophie, Yves Vaillancourt a publi\u00e9 des romans et des ouvrages philosophiques. Parmi ses th\u00e8mes de fiction, on retrouve le voyage, la photographie, l&rsquo;interp\u00e9n\u00e9tration entre les mondes virtuels et r\u00e9els, ainsi qu&rsquo;une qu\u00eate contemporaine du sacr\u00e9.<\/p>\n<p>L&rsquo;entr\u00e9e est gratuite, mais <strong>vous devez vous inscrire<\/strong> en composant le 514 872-0568 ou en vous pr\u00e9sentant \u00e0 la biblioth\u00e8que d&rsquo;Ahuntsic au 10300, rue Lajeunesse, Montr\u00e9al.<\/p>\n<p>Source : Service des communications<\/p>\n","protected":false},"excerpt":{"rendered":"<p>Yves Vaillancourt, enseignant en philosophie au Coll\u00e8ge, sera l&rsquo;h\u00f4te d&rsquo;une rencontre litt\u00e9raire, le mardi 29 septembre, \u00e0 19 h 30, au Caf\u00e9 de Da, \u00e0 la biblioth\u00e8que d&rsquo;Ahuntsic,\u00a0545, rue Fleury Est, Montr\u00e9al (Qu\u00e9bec) H3L 1G6.\u00a0Cette activit\u00e9 est pr\u00e9sent\u00e9e en collaboration avec Les \u00e9crivains francophones d\u2019Am\u00e9rique. \u00c9crivain, photographe et enseignant en philosophie, Yves Vaillancourt a publi\u00e9 [&hellip;]<\/p>\n","protected":false},"author":2,"featured_media":4292,"comment_status":"closed","ping_status":"closed","sticky":false,"template":"","format":"standard","meta":{"_expiration-date-status":"saved","_expiration-date":0,"_expiration-date-type":"","_expiration-date-categories":[],"_expiration-date-options":[]},"categories":[2],"tags":[],"_links":{"self":[{"href":"http:\/\/cahuntsic.ca\/bulletin-express\/wp-json\/wp\/v2\/posts\/5627"}],"collection":[{"href":"http:\/\/cahuntsic.ca\/bulletin-express\/wp-json\/wp\/v2\/posts"}],"about":[{"href":"http:\/\/cahuntsic.ca\/bulletin-express\/wp-json\/wp\/v2\/types\/post"}],"author":[{"embeddable":true,"href":"http:\/\/cahuntsic.ca\/bulletin-express\/wp-json\/wp\/v2\/users\/2"}],"replies":[{"embeddable":true,"href":"http:\/\/cahuntsic.ca\/bulletin-express\/wp-json\/wp\/v2\/comments?post=5627"}],"version-history":[{"count":3,"href":"http:\/\/cahuntsic.ca\/bulletin-express\/wp-json\/wp\/v2\/posts\/5627\/revisions"}],"predecessor-version":[{"id":5629,"href":"http:\/\/cahuntsic.ca\/bulletin-express\/wp-json\/wp\/v2\/posts\/5627\/revisions\/5629"}],"wp:featuredmedia":[{"embeddable":true,"href":"http:\/\/cahuntsic.ca\/bulletin-express\/wp-json\/wp\/v2\/media\/4292"}],"wp:attachment":[{"href":"http:\/\/cahuntsic.ca\/bulletin-express\/wp-json\/wp\/v2\/media?parent=5627"}],"wp:term":[{"taxonomy":"category","embeddable":true,"href":"http:\/\/cahuntsic.ca\/bulletin-express\/wp-json\/wp\/v2\/categories?post=5627"},{"taxonomy":"post_tag","embeddable":true,"href":"http:\/\/cahuntsic.ca\/bulletin-express\/wp-json\/wp\/v2\/tags?post=5627"}],"curies":[{"name":"wp","href":"https:\/\/api.w.org\/{rel}","templated":true}]}}