{"id":5767,"date":"2015-10-02T15:00:31","date_gmt":"2015-10-02T19:00:31","guid":{"rendered":"http:\/\/cahuntsic.ca\/bulletin-express\/?p=5767"},"modified":"2015-10-02T15:53:39","modified_gmt":"2015-10-02T19:53:39","slug":"5767","status":"publish","type":"post","link":"http:\/\/cahuntsic.ca\/bulletin-express\/5767\/","title":{"rendered":"\u00c9chos du conseil d&rsquo;administration du 24 septembre 2015"},"content":{"rendered":"<p><a href=\"http:\/\/cahuntsic.ca\/bulletin-express\/wp-content\/uploads\/2014\/10\/table_conference_CA.jpg\"><img loading=\"lazy\" class=\"alignright size-thumbnail wp-image-3316\" src=\"http:\/\/cahuntsic.ca\/bulletin-express\/wp-content\/uploads\/2014\/10\/table_conference_CA-150x150.jpg\" alt=\"table_conference_CA\" width=\"150\" height=\"150\" \/><\/a>Le jeudi 24 septembre 2015 avait lieu une assembl\u00e9e du Conseil d\u2019administration du Coll\u00e8ge Ahuntsic. Voici le r\u00e9sum\u00e9 de quelques uns des points qui y ont \u00e9t\u00e9 trait\u00e9s.<\/p>\n<h3><strong>Nomination du nouveau directeur g\u00e9n\u00e9ral :\u00a0formation du comit\u00e9 de s\u00e9lection<\/strong><\/h3>\n<p>Dans la suite de l\u2019annonce du d\u00e9part \u00e0 la retraite du directeur g\u00e9n\u00e9ral, M. Benoit Pag\u00e9, \u00e0 la fin de d\u00e9cembre 2015, le conseil d\u2019administration du Coll\u00e8ge a approuv\u00e9 le projet d\u2019\u00e9ch\u00e9ancier du processus de s\u00e9lection pr\u00e9voyant la nomination du nouveau directeur g\u00e9n\u00e9ral \u00e0 la s\u00e9ance du conseil d\u2019administration du 26 novembre 2015.<\/p>\n<p>Le comit\u00e9 de s\u00e9lection a \u00e9t\u00e9 form\u00e9. Il est compos\u00e9 des membres externes du Comit\u00e9 ex\u00e9cutif : Sylvie St-Onge, pr\u00e9sidente du CA, Fran\u00e7ois Kemp, vice-pr\u00e9sident, Andr\u00e9a Galli et \u00c9lyse R\u00e9my. Tel que le pr\u00e9voient les r\u00e8glements du Coll\u00e8ge, le comit\u00e9 compte aussi un cadre du Coll\u00e8ge, nomm\u00e9 par le comit\u00e9 local de l\u2019Association des cadres, soit Anne Milot, Secr\u00e9taire g\u00e9n\u00e9rale et directrice des affaires juridiques et des communications.<\/p>\n<p><strong><a href=\"http:\/\/cahuntsic.ca\/bulletin-express\/wp-content\/uploads\/2015\/10\/CA-373-04-4-Processus-nomination-DG.pdf\">&gt;&gt;&gt; CA-373-04-4 Processus nomination DG<\/a><\/strong><\/p>\n<h3>Politique institutionnelle de la recherche (PO-22) &#8211; Amendements<\/h3>\n<p>Les trois principaux organismes de subvention qu\u00e9b\u00e9cois pour la recherche (Fonds de\u00a0recherche Nature et technologies, Fonds de recherche Soci\u00e9t\u00e9 et culture et Fonds de\u00a0recherche Sant\u00e9, ci-apr\u00e8s les FRQ) ont produit une politique sur la conduite responsable en\u00a0recherche.\u00a0Cette politique a comme objectif premier de poursuivre les efforts men\u00e9s par les\u00a0FRQ en ce qui a trait \u00e0 la promotion d\u2019une conduite responsable en recherche. Elle s\u2019applique\u00a0\u00e0 tous les \u00e9tablissements et chercheurs qui re\u00e7oivent du financement des FRQ.<\/p>\n<p>Dans le but de poursuivre ses travaux de d\u00e9veloppement de la recherche, le Coll\u00e8ge Ahuntsic a modifi\u00e9\u00a0sa politique institutionnelle sur la recherche \u2013 P0-22 \u2013 et la rendre conforme \u00e0\u00a0la politique des FRQ.<\/p>\n<p><strong><a href=\"http:\/\/cahuntsic.ca\/bulletin-express\/wp-content\/uploads\/2015\/10\/CA-373-04-3-Amendements-PO-22.pdf\">&gt;&gt;&gt; CA-373-04-3 Politique institutionnelle de la recherche &#8211; amendements PO-22<\/a><\/strong><\/p>\n<h3>Dipl\u00f4mes d&rsquo;\u00e9tudes coll\u00e9giales &#8211; \u00e9t\u00e9 2015<\/h3>\n<p>Le conseil d&rsquo;administration a adopt\u00e9 une r\u00e9solution recommandant\u00a0au Ministre de d\u00e9cerner le dipl\u00f4me d&rsquo;\u00e9tudes coll\u00e9giales \u00e0 deux cent soixante-treize (<b>273<\/b>) \u00e9tudiantes et \u00e9tudiants de la promotion \u00e9t\u00e9 2015 du Coll\u00e8ge Ahuntsic qui ont satisfait aux conditions d&rsquo;admissibilit\u00e9 \u00e0 un tel dipl\u00f4me.<\/p>\n<p><strong><a href=\"http:\/\/cahuntsic.ca\/bulletin-express\/wp-content\/uploads\/2015\/10\/CA-373-04-2-Dipl\u00f4mes-d\u00e9tudes-coll\u00e9giales-DEC-\u00c9t\u00e9-2015.pdf\">&gt;&gt;&gt; CA-373-04-2 Dipl\u00f4mes d&rsquo;\u00e9tudes coll\u00e9giales &#8211; DEC &#8211; \u00c9t\u00e9 2015<\/a><\/strong><\/p>\n<p>Source : Direction g\u00e9n\u00e9rale<\/p>\n","protected":false},"excerpt":{"rendered":"<p>Le jeudi 24 septembre 2015 avait lieu une assembl\u00e9e du Conseil d\u2019administration du Coll\u00e8ge Ahuntsic. Voici le r\u00e9sum\u00e9 de quelques uns des points qui y ont \u00e9t\u00e9 trait\u00e9s. Nomination du nouveau directeur g\u00e9n\u00e9ral :\u00a0formation du comit\u00e9 de s\u00e9lection Dans la suite de l\u2019annonce du d\u00e9part \u00e0 la retraite du directeur g\u00e9n\u00e9ral, M. Benoit Pag\u00e9, \u00e0 [&hellip;]<\/p>\n","protected":false},"author":2,"featured_media":5773,"comment_status":"closed","ping_status":"closed","sticky":false,"template":"","format":"standard","meta":{"_expiration-date-status":"saved","_expiration-date":0,"_expiration-date-type":"","_expiration-date-categories":[],"_expiration-date-options":[]},"categories":[10],"tags":[],"_links":{"self":[{"href":"http:\/\/cahuntsic.ca\/bulletin-express\/wp-json\/wp\/v2\/posts\/5767"}],"collection":[{"href":"http:\/\/cahuntsic.ca\/bulletin-express\/wp-json\/wp\/v2\/posts"}],"about":[{"href":"http:\/\/cahuntsic.ca\/bulletin-express\/wp-json\/wp\/v2\/types\/post"}],"author":[{"embeddable":true,"href":"http:\/\/cahuntsic.ca\/bulletin-express\/wp-json\/wp\/v2\/users\/2"}],"replies":[{"embeddable":true,"href":"http:\/\/cahuntsic.ca\/bulletin-express\/wp-json\/wp\/v2\/comments?post=5767"}],"version-history":[{"count":13,"href":"http:\/\/cahuntsic.ca\/bulletin-express\/wp-json\/wp\/v2\/posts\/5767\/revisions"}],"predecessor-version":[{"id":5798,"href":"http:\/\/cahuntsic.ca\/bulletin-express\/wp-json\/wp\/v2\/posts\/5767\/revisions\/5798"}],"wp:featuredmedia":[{"embeddable":true,"href":"http:\/\/cahuntsic.ca\/bulletin-express\/wp-json\/wp\/v2\/media\/5773"}],"wp:attachment":[{"href":"http:\/\/cahuntsic.ca\/bulletin-express\/wp-json\/wp\/v2\/media?parent=5767"}],"wp:term":[{"taxonomy":"category","embeddable":true,"href":"http:\/\/cahuntsic.ca\/bulletin-express\/wp-json\/wp\/v2\/categories?post=5767"},{"taxonomy":"post_tag","embeddable":true,"href":"http:\/\/cahuntsic.ca\/bulletin-express\/wp-json\/wp\/v2\/tags?post=5767"}],"curies":[{"name":"wp","href":"https:\/\/api.w.org\/{rel}","templated":true}]}}