{"id":627,"date":"2013-09-26T19:38:51","date_gmt":"2013-09-26T18:38:51","guid":{"rendered":"http:\/\/cahuntsic.ca\/bulletin-express\/?p=627"},"modified":"2013-09-30T14:45:19","modified_gmt":"2013-09-30T13:45:19","slug":"bienvenue-aux-nouveaux-employes","status":"publish","type":"post","link":"http:\/\/cahuntsic.ca\/bulletin-express\/bienvenue-aux-nouveaux-employes\/","title":{"rendered":"Bienvenue aux nouveaux employ\u00e9s!"},"content":{"rendered":"<p>Plusieurs nouveaux employ\u00e9s ont particip\u00e9 \u00e0 la s\u00e9ance d\u2019accueil qui a \u00e9t\u00e9 organis\u00e9e \u00e0 leur intention le 26 septembre dernier, au Salon du personnel. Le Coll\u00e8ge est heureux et fier d\u2019accueillir 46 nouveaux membres. Nous leur souhaitons la plus cordiale bienvenue et une longue carri\u00e8re au Coll\u00e8ge Ahuntsic!<\/p>\n<p><a href=\"http:\/\/cahuntsic.ca\/bulletin-express\/wp-content\/uploads\/2013\/09\/Xpress_nouveaux_employes_2013.pdf\">&gt;&gt;&gt;Consulter la liste des nouveaux employes<\/a><\/p>\n<p><a href=\"http:\/\/cahuntsic.ca\/bulletin-express\/wp-content\/uploads\/2013\/09\/Nouveau_employes_26sept2013.jpg\"><img loading=\"lazy\" class=\"aligncenter size-large wp-image-631\" alt=\"Nouveau_employes_26sept2013\" src=\"http:\/\/cahuntsic.ca\/bulletin-express\/wp-content\/uploads\/2013\/09\/Nouveau_employes_26sept2013-1024x343.jpg\" width=\"1024\" height=\"343\" srcset=\"http:\/\/cahuntsic.ca\/bulletin-express\/wp-content\/uploads\/2013\/09\/Nouveau_employes_26sept2013-1024x343.jpg 1024w, http:\/\/cahuntsic.ca\/bulletin-express\/wp-content\/uploads\/2013\/09\/Nouveau_employes_26sept2013-300x100.jpg 300w, http:\/\/cahuntsic.ca\/bulletin-express\/wp-content\/uploads\/2013\/09\/Nouveau_employes_26sept2013-600x201.jpg 600w\" sizes=\"(max-width: 1024px) 100vw, 1024px\" \/><\/a><\/p>\n<p>&nbsp;<\/p>\n<p>Source : Service des ressources humaines<\/p>\n","protected":false},"excerpt":{"rendered":"<p>Plusieurs nouveaux employ\u00e9s ont particip\u00e9 \u00e0 la s\u00e9ance d\u2019accueil qui a \u00e9t\u00e9 organis\u00e9e \u00e0 leur intention le 26 septembre dernier, au Salon du personnel. Le Coll\u00e8ge est heureux et fier d\u2019accueillir 46 nouveaux membres. Nous leur souhaitons la plus cordiale bienvenue et une longue carri\u00e8re au Coll\u00e8ge Ahuntsic! &gt;&gt;&gt;Consulter la liste des nouveaux employes &nbsp; [&hellip;]<\/p>\n","protected":false},"author":2,"featured_media":648,"comment_status":"closed","ping_status":"closed","sticky":false,"template":"","format":"standard","meta":{"_expiration-date-status":"saved","_expiration-date":0,"_expiration-date-type":"","_expiration-date-categories":[],"_expiration-date-options":[]},"categories":[2],"tags":[],"_links":{"self":[{"href":"http:\/\/cahuntsic.ca\/bulletin-express\/wp-json\/wp\/v2\/posts\/627"}],"collection":[{"href":"http:\/\/cahuntsic.ca\/bulletin-express\/wp-json\/wp\/v2\/posts"}],"about":[{"href":"http:\/\/cahuntsic.ca\/bulletin-express\/wp-json\/wp\/v2\/types\/post"}],"author":[{"embeddable":true,"href":"http:\/\/cahuntsic.ca\/bulletin-express\/wp-json\/wp\/v2\/users\/2"}],"replies":[{"embeddable":true,"href":"http:\/\/cahuntsic.ca\/bulletin-express\/wp-json\/wp\/v2\/comments?post=627"}],"version-history":[{"count":14,"href":"http:\/\/cahuntsic.ca\/bulletin-express\/wp-json\/wp\/v2\/posts\/627\/revisions"}],"predecessor-version":[{"id":629,"href":"http:\/\/cahuntsic.ca\/bulletin-express\/wp-json\/wp\/v2\/posts\/627\/revisions\/629"}],"wp:featuredmedia":[{"embeddable":true,"href":"http:\/\/cahuntsic.ca\/bulletin-express\/wp-json\/wp\/v2\/media\/648"}],"wp:attachment":[{"href":"http:\/\/cahuntsic.ca\/bulletin-express\/wp-json\/wp\/v2\/media?parent=627"}],"wp:term":[{"taxonomy":"category","embeddable":true,"href":"http:\/\/cahuntsic.ca\/bulletin-express\/wp-json\/wp\/v2\/categories?post=627"},{"taxonomy":"post_tag","embeddable":true,"href":"http:\/\/cahuntsic.ca\/bulletin-express\/wp-json\/wp\/v2\/tags?post=627"}],"curies":[{"name":"wp","href":"https:\/\/api.w.org\/{rel}","templated":true}]}}