{"id":6403,"date":"2016-02-10T14:00:46","date_gmt":"2016-02-10T19:00:46","guid":{"rendered":"http:\/\/cahuntsic.ca\/bulletin-express\/?p=6403"},"modified":"2016-02-10T14:06:44","modified_gmt":"2016-02-10T19:06:44","slug":"patrick-moreau-co-auteur-delexil-et-lerrance","status":"publish","type":"post","link":"http:\/\/cahuntsic.ca\/bulletin-express\/patrick-moreau-co-auteur-delexil-et-lerrance\/","title":{"rendered":"Patrick Moreau co-auteur de<br>L&rsquo;exil et l&rsquo;errance"},"content":{"rendered":"<p><img loading=\"lazy\" class=\"alignright size-medium wp-image-6408\" src=\"http:\/\/cahuntsic.ca\/bulletin-express\/wp-content\/uploads\/2016\/02\/Exil_Errance-200x300.jpg\" alt=\"Exil_Errance\" width=\"200\" height=\"300\" srcset=\"http:\/\/cahuntsic.ca\/bulletin-express\/wp-content\/uploads\/2016\/02\/Exil_Errance-200x300.jpg 200w, http:\/\/cahuntsic.ca\/bulletin-express\/wp-content\/uploads\/2016\/02\/Exil_Errance.jpg 460w\" sizes=\"(max-width: 200px) 100vw, 200px\" \/><strong>Patrick Moreau<\/strong>, enseignant au D\u00e9partement de fran\u00e7ais au Coll\u00e8ge, a collabor\u00e9 \u00e0 la r\u00e9daction d&rsquo;un essai intitul\u00e9 \u00ab\u00a0L&rsquo;exil et l&rsquo;errance &#8211; Le travail de la pens\u00e9e entre enracinement et cosmopolitisme\u00a0\u00bb. L&rsquo;ouvrage est publi\u00e9 aux \u00e9ditions Liber, sous la direction de Fran\u00e7ois Charbonneau, professeur de science politique \u00e0 l&rsquo;Universit\u00e9 d&rsquo;Ottawa.<\/p>\n<p>L&rsquo;essai s&rsquo;int\u00e9resse \u00e0 l&rsquo;exp\u00e9rience de l&rsquo;exil que plusieurs \u00e9crivains, po\u00e8tes et philosophes ont, au fil des si\u00e8cles, pr\u00e9f\u00e9r\u00e9 \u00e0 la pers\u00e9cution ou \u00e0 la mort, et s&rsquo;interroge sur la nature du lien qui unit un individu \u00e0 sa communaut\u00e9 d&rsquo;origine.<\/p>\n<p>M. Moreau a d\u00e9j\u00e0 des publications \u00e0 son actif, notamment \u00ab\u00a0Quinze classiques de la litt\u00e9rature qu\u00e9b\u00e9coise\u00a0\u00bb \u00e9crit en collaboration avec Sylvain Campeau et publi\u00e9 aux \u00e9ditions Fides en 2015, et \u00ab\u00a0Pourquoi nos enfants sortent-ils de l&rsquo;\u00e9cole ignorants\u00a0\u00bb, publi\u00e9 aux \u00c9ditions Bor\u00e9al en 2008.<\/p>\n<p><strong><a href=\"http:\/\/www.editionsliber.com\/catalogue.php?p=768\">&gt;&gt;&gt; Pr\u00e9sentation de l&rsquo;essai &#8211; \u00c9ditions Liber<\/a><\/strong><\/p>\n<p>Source : Service des communications<\/p>\n<p>&nbsp;<\/p>\n","protected":false},"excerpt":{"rendered":"<p>Patrick Moreau, enseignant au D\u00e9partement de fran\u00e7ais au Coll\u00e8ge, a collabor\u00e9 \u00e0 la r\u00e9daction d&rsquo;un essai intitul\u00e9 \u00ab\u00a0L&rsquo;exil et l&rsquo;errance &#8211; Le travail de la pens\u00e9e entre enracinement et cosmopolitisme\u00a0\u00bb. L&rsquo;ouvrage est publi\u00e9 aux \u00e9ditions Liber, sous la direction de Fran\u00e7ois Charbonneau, professeur de science politique \u00e0 l&rsquo;Universit\u00e9 d&rsquo;Ottawa. L&rsquo;essai s&rsquo;int\u00e9resse \u00e0 l&rsquo;exp\u00e9rience de l&rsquo;exil [&hellip;]<\/p>\n","protected":false},"author":2,"featured_media":6406,"comment_status":"closed","ping_status":"closed","sticky":false,"template":"","format":"standard","meta":{"_expiration-date-status":"saved","_expiration-date":0,"_expiration-date-type":"","_expiration-date-categories":[],"_expiration-date-options":[]},"categories":[18],"tags":[],"_links":{"self":[{"href":"http:\/\/cahuntsic.ca\/bulletin-express\/wp-json\/wp\/v2\/posts\/6403"}],"collection":[{"href":"http:\/\/cahuntsic.ca\/bulletin-express\/wp-json\/wp\/v2\/posts"}],"about":[{"href":"http:\/\/cahuntsic.ca\/bulletin-express\/wp-json\/wp\/v2\/types\/post"}],"author":[{"embeddable":true,"href":"http:\/\/cahuntsic.ca\/bulletin-express\/wp-json\/wp\/v2\/users\/2"}],"replies":[{"embeddable":true,"href":"http:\/\/cahuntsic.ca\/bulletin-express\/wp-json\/wp\/v2\/comments?post=6403"}],"version-history":[{"count":8,"href":"http:\/\/cahuntsic.ca\/bulletin-express\/wp-json\/wp\/v2\/posts\/6403\/revisions"}],"predecessor-version":[{"id":6413,"href":"http:\/\/cahuntsic.ca\/bulletin-express\/wp-json\/wp\/v2\/posts\/6403\/revisions\/6413"}],"wp:featuredmedia":[{"embeddable":true,"href":"http:\/\/cahuntsic.ca\/bulletin-express\/wp-json\/wp\/v2\/media\/6406"}],"wp:attachment":[{"href":"http:\/\/cahuntsic.ca\/bulletin-express\/wp-json\/wp\/v2\/media?parent=6403"}],"wp:term":[{"taxonomy":"category","embeddable":true,"href":"http:\/\/cahuntsic.ca\/bulletin-express\/wp-json\/wp\/v2\/categories?post=6403"},{"taxonomy":"post_tag","embeddable":true,"href":"http:\/\/cahuntsic.ca\/bulletin-express\/wp-json\/wp\/v2\/tags?post=6403"}],"curies":[{"name":"wp","href":"https:\/\/api.w.org\/{rel}","templated":true}]}}