{"id":6528,"date":"2016-02-24T14:40:07","date_gmt":"2016-02-24T19:40:07","guid":{"rendered":"http:\/\/cahuntsic.ca\/bulletin-express\/?p=6528"},"modified":"2016-03-03T11:37:51","modified_gmt":"2016-03-03T16:37:51","slug":"6528","status":"publish","type":"post","link":"http:\/\/cahuntsic.ca\/bulletin-express\/6528\/","title":{"rendered":"Deux enseignants de philosophie publient<br>dans Philo&#038;Cie"},"content":{"rendered":"<p><strong><img loading=\"lazy\" class=\"alignright size-medium wp-image-6531\" src=\"http:\/\/cahuntsic.ca\/bulletin-express\/wp-content\/uploads\/2016\/02\/Philo_et_Cie_cover_mars2016-232x300.jpg\" alt=\"Philo_et_Cie_cover_mars2016\" width=\"232\" height=\"300\" srcset=\"http:\/\/cahuntsic.ca\/bulletin-express\/wp-content\/uploads\/2016\/02\/Philo_et_Cie_cover_mars2016-232x300.jpg 232w, http:\/\/cahuntsic.ca\/bulletin-express\/wp-content\/uploads\/2016\/02\/Philo_et_Cie_cover_mars2016.jpg 493w\" sizes=\"(max-width: 232px) 100vw, 232px\" \/>Philippe St-Germain<\/strong> et <strong>Yves Vaillancourt<\/strong>, deux enseignants de philosophie au Coll\u00e8ge, signent des textes dans la plus prochaine \u00e9dition de Philo&amp;Cie, aux <strong><a href=\"http:\/\/www.editionsliber.com\">\u00e9ditions Liber<\/a><\/strong>, parue le 2 mars dernier.<\/p>\n<p>Magazine de philosophie et de sciences humaines et sociales, Philo&amp;Cie propose trois num\u00e9ros annuels regroupant des textes autour d&rsquo;un th\u00e8me. Pour son num\u00e9ro de mars, Philo&amp;Cie a choisi des textes sur le th\u00e8me \u00ab\u00a0Les piliers de nos savoirs &#8211; 14 oeuvres essentielles du second vingti\u00e8me si\u00e8cle\u00a0\u00bb.<\/p>\n<p>Philippe St-Germain signe un texte sur Paul Ricoeur (<em>Soi-m\u00eame comme un autre),<\/em>\u00a0tandis qu&rsquo;Yves Vaillancourt s&rsquo;int\u00e9resse \u00e0 Hans Jonas (<em>Le principe de responsabilit\u00e9).<\/em><\/p>\n<p><a href=\"http:\/\/cahuntsic.ca\/bulletin-express\/wp-content\/uploads\/2016\/02\/CommPhiloCie_Final_BD.pdf\" rel=\"\">&gt;&gt;&gt; Document de pr\u00e9sentation Philo&amp;Cie &#8211; Mars 2016<\/a><\/p>\n<p>Source : Service des communications<\/p>\n<p>&nbsp;<\/p>\n<p>&nbsp;<\/p>\n","protected":false},"excerpt":{"rendered":"<p>Philippe St-Germain et Yves Vaillancourt, deux enseignants de philosophie au Coll\u00e8ge, signent des textes dans la plus prochaine \u00e9dition de Philo&amp;Cie, aux \u00e9ditions Liber, parue le 2 mars dernier. Magazine de philosophie et de sciences humaines et sociales, Philo&amp;Cie propose trois num\u00e9ros annuels regroupant des textes autour d&rsquo;un th\u00e8me. Pour son num\u00e9ro de mars, Philo&amp;Cie [&hellip;]<\/p>\n","protected":false},"author":2,"featured_media":6534,"comment_status":"closed","ping_status":"closed","sticky":false,"template":"","format":"standard","meta":{"_expiration-date-status":"saved","_expiration-date":0,"_expiration-date-type":"","_expiration-date-categories":[],"_expiration-date-options":[]},"categories":[18],"tags":[],"_links":{"self":[{"href":"http:\/\/cahuntsic.ca\/bulletin-express\/wp-json\/wp\/v2\/posts\/6528"}],"collection":[{"href":"http:\/\/cahuntsic.ca\/bulletin-express\/wp-json\/wp\/v2\/posts"}],"about":[{"href":"http:\/\/cahuntsic.ca\/bulletin-express\/wp-json\/wp\/v2\/types\/post"}],"author":[{"embeddable":true,"href":"http:\/\/cahuntsic.ca\/bulletin-express\/wp-json\/wp\/v2\/users\/2"}],"replies":[{"embeddable":true,"href":"http:\/\/cahuntsic.ca\/bulletin-express\/wp-json\/wp\/v2\/comments?post=6528"}],"version-history":[{"count":8,"href":"http:\/\/cahuntsic.ca\/bulletin-express\/wp-json\/wp\/v2\/posts\/6528\/revisions"}],"predecessor-version":[{"id":6632,"href":"http:\/\/cahuntsic.ca\/bulletin-express\/wp-json\/wp\/v2\/posts\/6528\/revisions\/6632"}],"wp:featuredmedia":[{"embeddable":true,"href":"http:\/\/cahuntsic.ca\/bulletin-express\/wp-json\/wp\/v2\/media\/6534"}],"wp:attachment":[{"href":"http:\/\/cahuntsic.ca\/bulletin-express\/wp-json\/wp\/v2\/media?parent=6528"}],"wp:term":[{"taxonomy":"category","embeddable":true,"href":"http:\/\/cahuntsic.ca\/bulletin-express\/wp-json\/wp\/v2\/categories?post=6528"},{"taxonomy":"post_tag","embeddable":true,"href":"http:\/\/cahuntsic.ca\/bulletin-express\/wp-json\/wp\/v2\/tags?post=6528"}],"curies":[{"name":"wp","href":"https:\/\/api.w.org\/{rel}","templated":true}]}}