{"id":6659,"date":"2016-03-17T10:33:30","date_gmt":"2016-03-17T14:33:30","guid":{"rendered":"http:\/\/cahuntsic.ca\/bulletin-express\/?p=6659"},"modified":"2016-03-17T10:36:38","modified_gmt":"2016-03-17T14:36:38","slug":"bibliotheque-abonnement-au-journal-le-devoir","status":"publish","type":"post","link":"http:\/\/cahuntsic.ca\/bulletin-express\/bibliotheque-abonnement-au-journal-le-devoir\/","title":{"rendered":"Biblioth\u00e8que : abonnement au journal Le Devoir"},"content":{"rendered":"<p class=\"p1\"><span class=\"s1\"><img loading=\"lazy\" class=\"alignright  wp-image-6661\" src=\"http:\/\/cahuntsic.ca\/bulletin-express\/wp-content\/uploads\/2016\/03\/logo_devoir-300x98.jpg\" alt=\"logo_devoir\" width=\"245\" height=\"80\" srcset=\"http:\/\/cahuntsic.ca\/bulletin-express\/wp-content\/uploads\/2016\/03\/logo_devoir-300x98.jpg 300w, http:\/\/cahuntsic.ca\/bulletin-express\/wp-content\/uploads\/2016\/03\/logo_devoir-600x196.jpg 600w, http:\/\/cahuntsic.ca\/bulletin-express\/wp-content\/uploads\/2016\/03\/logo_devoir.jpg 785w\" sizes=\"(max-width: 245px) 100vw, 245px\" \/>La biblioth\u00e8que du Coll\u00e8ge est r\u00e9abonn\u00e9e \u00e0 <b>l\u2019\u00e9dition papier du journal <i>Le Devoir,\u00a0<\/i><\/b>du lundi au samedi.<i>\u00a0<\/i>L\u2019\u00e9dition du jour sera plac\u00e9e quotidiennement dans le pr\u00e9sentoir du salon de lecture, avant d\u2019\u00eatre mont\u00e9e au 2<\/span><span class=\"s2\"><sup>e<\/sup><\/span><span class=\"s1\"> \u00e9tage pour y \u00eatre conserv\u00e9e pendant deux semaines.\u00a0<\/span><\/p>\n<p class=\"p1\"><span class=\"s1\">Le texte int\u00e9gral de tous les articles est accessible apr\u00e8s un d\u00e9lai de 24h en consultant la <a href=\"http:\/\/v-webdav.collegeahuntsic.qc.ca:2048\/login?url=http:\/\/nouveau.eureka.cc\/access\/ip\/default.aspx?un=ahunfra\"><span class=\"s3\">ressource num\u00e9rique EUREKA<\/span><\/a>.<\/span><\/p>\n<p class=\"p1\">Source : Biblioth\u00e8que Laurent-Michel-Vacher<\/p>\n","protected":false},"excerpt":{"rendered":"<p>La biblioth\u00e8que du Coll\u00e8ge est r\u00e9abonn\u00e9e \u00e0 l\u2019\u00e9dition papier du journal Le Devoir,\u00a0du lundi au samedi.\u00a0L\u2019\u00e9dition du jour sera plac\u00e9e quotidiennement dans le pr\u00e9sentoir du salon de lecture, avant d\u2019\u00eatre mont\u00e9e au 2e \u00e9tage pour y \u00eatre conserv\u00e9e pendant deux semaines.\u00a0 Le texte int\u00e9gral de tous les articles est accessible apr\u00e8s un d\u00e9lai de 24h [&hellip;]<\/p>\n","protected":false},"author":2,"featured_media":6661,"comment_status":"closed","ping_status":"closed","sticky":false,"template":"","format":"standard","meta":{"_expiration-date-status":"saved","_expiration-date":0,"_expiration-date-type":"","_expiration-date-categories":[],"_expiration-date-options":[]},"categories":[7],"tags":[],"_links":{"self":[{"href":"http:\/\/cahuntsic.ca\/bulletin-express\/wp-json\/wp\/v2\/posts\/6659"}],"collection":[{"href":"http:\/\/cahuntsic.ca\/bulletin-express\/wp-json\/wp\/v2\/posts"}],"about":[{"href":"http:\/\/cahuntsic.ca\/bulletin-express\/wp-json\/wp\/v2\/types\/post"}],"author":[{"embeddable":true,"href":"http:\/\/cahuntsic.ca\/bulletin-express\/wp-json\/wp\/v2\/users\/2"}],"replies":[{"embeddable":true,"href":"http:\/\/cahuntsic.ca\/bulletin-express\/wp-json\/wp\/v2\/comments?post=6659"}],"version-history":[{"count":3,"href":"http:\/\/cahuntsic.ca\/bulletin-express\/wp-json\/wp\/v2\/posts\/6659\/revisions"}],"predecessor-version":[{"id":6663,"href":"http:\/\/cahuntsic.ca\/bulletin-express\/wp-json\/wp\/v2\/posts\/6659\/revisions\/6663"}],"wp:featuredmedia":[{"embeddable":true,"href":"http:\/\/cahuntsic.ca\/bulletin-express\/wp-json\/wp\/v2\/media\/6661"}],"wp:attachment":[{"href":"http:\/\/cahuntsic.ca\/bulletin-express\/wp-json\/wp\/v2\/media?parent=6659"}],"wp:term":[{"taxonomy":"category","embeddable":true,"href":"http:\/\/cahuntsic.ca\/bulletin-express\/wp-json\/wp\/v2\/categories?post=6659"},{"taxonomy":"post_tag","embeddable":true,"href":"http:\/\/cahuntsic.ca\/bulletin-express\/wp-json\/wp\/v2\/tags?post=6659"}],"curies":[{"name":"wp","href":"https:\/\/api.w.org\/{rel}","templated":true}]}}