{"id":7464,"date":"2016-11-04T08:00:22","date_gmt":"2016-11-04T12:00:22","guid":{"rendered":"http:\/\/cahuntsic.ca\/bulletin-express\/?p=7464"},"modified":"2016-10-31T14:03:52","modified_gmt":"2016-10-31T18:03:52","slug":"7464","status":"publish","type":"post","link":"http:\/\/cahuntsic.ca\/bulletin-express\/7464\/","title":{"rendered":"R\u00e9flexion sur le racisme syst\u00e9mique<br>le jeudi 24 novembre, \u00e0 l&rsquo;auditorium"},"content":{"rendered":"<p><a href=\"http:\/\/cahuntsic.ca\/bulletin-express\/wp-content\/uploads\/2016\/11\/Racisme.jpg\"><img loading=\"lazy\" class=\"alignright  wp-image-7469\" src=\"http:\/\/cahuntsic.ca\/bulletin-express\/wp-content\/uploads\/2016\/11\/Racisme-300x206.jpg\" alt=\"racisme\" width=\"269\" height=\"185\" srcset=\"http:\/\/cahuntsic.ca\/bulletin-express\/wp-content\/uploads\/2016\/11\/Racisme-300x206.jpg 300w, http:\/\/cahuntsic.ca\/bulletin-express\/wp-content\/uploads\/2016\/11\/Racisme-1024x702.jpg 1024w, http:\/\/cahuntsic.ca\/bulletin-express\/wp-content\/uploads\/2016\/11\/Racisme-600x411.jpg 600w, http:\/\/cahuntsic.ca\/bulletin-express\/wp-content\/uploads\/2016\/11\/Racisme.jpg 1800w\" sizes=\"(max-width: 269px) 100vw, 269px\" \/><\/a>Tous les employ\u00e9s sont invit\u00e9s \u00e0 assister \u00e0 une table ronde qui portera sur le racisme syst\u00e9mique, <strong>le jeudi 24 novembre, de 14 h \u00e0 16 h , \u00e0 l&rsquo;auditorium du Coll\u00e8ge.<\/strong><\/p>\n<p>Le racisme est-il une attitude individuelle de rejet de l\u2019autre ou un ensemble de pratiques sociales d\u2019exclusion incarn\u00e9es par des institutions? Comment la dimension subjective du racisme s\u2019articule-t-elle sur sa dimension syst\u00e9mique?<\/p>\n<p>Voici les questions auxquelles tenteront de r\u00e9pondre quatre intervenants\u00a0: <strong>Lomomba Emongo<\/strong>, enseignant de philosophie, <strong>Will Prosper<\/strong>, cofondateur et porte-parole du mouvement citoyen Montr\u00e9al-Nord R\u00e9publick, <strong>Christian Goyette<\/strong>, enseignant de sociologie et <strong>Thomas Dussert<\/strong>, enseignant de philosophie.<\/p>\n<h3 class=\"p1\"><span class=\"s1\">Contexte de la discussion<\/span><\/h3>\n<p class=\"p1\"><span class=\"s1\">Nous sommes tous conscientis\u00e9s au probl\u00e8me du racisme et de la x\u00e9nophobie \u2013 \u00e0 l\u2019\u00e9cole, dans nos milieux de travail, dans les m\u00e9dias. Les comportements ouvertement racistes sont unanimement d\u00e9nonc\u00e9s, et quiconque se fait taxer de racisme cherchera \u00e0 nier ces accusations. Or si personne ne se revendique du racisme, l\u2019exclusion des minorit\u00e9s culturelles dans l\u2019acc\u00e8s au logement, \u00e0 l\u2019emploi, \u00e0 l\u2019\u00e9ducation ou aux services publics est un ph\u00e9nom\u00e8ne r\u00e9el et document\u00e9.\u00a0<\/span><span class=\"s1\"> Il semble contradictoire qu\u2019une soci\u00e9t\u00e9 qui valorise l\u2019acceptation de la diff\u00e9rence sur le plan des comportements individuels entretienne, sur le plan syst\u00e9mique, des m\u00e9canismes d\u2019exclusion sociale.<\/span><\/p>\n<p class=\"p1\">Source : D\u00e9partement de philosophie<\/p>\n<p class=\"p1\"><span class=\"s1\">\u00a0<\/span><\/p>\n","protected":false},"excerpt":{"rendered":"<p>Tous les employ\u00e9s sont invit\u00e9s \u00e0 assister \u00e0 une table ronde qui portera sur le racisme syst\u00e9mique, le jeudi 24 novembre, de 14 h \u00e0 16 h , \u00e0 l&rsquo;auditorium du Coll\u00e8ge. Le racisme est-il une attitude individuelle de rejet de l\u2019autre ou un ensemble de pratiques sociales d\u2019exclusion incarn\u00e9es par des institutions? Comment la [&hellip;]<\/p>\n","protected":false},"author":2,"featured_media":7469,"comment_status":"closed","ping_status":"closed","sticky":false,"template":"","format":"standard","meta":{"_expiration-date-status":"saved","_expiration-date":0,"_expiration-date-type":"","_expiration-date-categories":[],"_expiration-date-options":[]},"categories":[2],"tags":[],"_links":{"self":[{"href":"http:\/\/cahuntsic.ca\/bulletin-express\/wp-json\/wp\/v2\/posts\/7464"}],"collection":[{"href":"http:\/\/cahuntsic.ca\/bulletin-express\/wp-json\/wp\/v2\/posts"}],"about":[{"href":"http:\/\/cahuntsic.ca\/bulletin-express\/wp-json\/wp\/v2\/types\/post"}],"author":[{"embeddable":true,"href":"http:\/\/cahuntsic.ca\/bulletin-express\/wp-json\/wp\/v2\/users\/2"}],"replies":[{"embeddable":true,"href":"http:\/\/cahuntsic.ca\/bulletin-express\/wp-json\/wp\/v2\/comments?post=7464"}],"version-history":[{"count":6,"href":"http:\/\/cahuntsic.ca\/bulletin-express\/wp-json\/wp\/v2\/posts\/7464\/revisions"}],"predecessor-version":[{"id":7502,"href":"http:\/\/cahuntsic.ca\/bulletin-express\/wp-json\/wp\/v2\/posts\/7464\/revisions\/7502"}],"wp:featuredmedia":[{"embeddable":true,"href":"http:\/\/cahuntsic.ca\/bulletin-express\/wp-json\/wp\/v2\/media\/7469"}],"wp:attachment":[{"href":"http:\/\/cahuntsic.ca\/bulletin-express\/wp-json\/wp\/v2\/media?parent=7464"}],"wp:term":[{"taxonomy":"category","embeddable":true,"href":"http:\/\/cahuntsic.ca\/bulletin-express\/wp-json\/wp\/v2\/categories?post=7464"},{"taxonomy":"post_tag","embeddable":true,"href":"http:\/\/cahuntsic.ca\/bulletin-express\/wp-json\/wp\/v2\/tags?post=7464"}],"curies":[{"name":"wp","href":"https:\/\/api.w.org\/{rel}","templated":true}]}}