{"id":7526,"date":"2016-11-10T14:10:37","date_gmt":"2016-11-10T19:10:37","guid":{"rendered":"http:\/\/cahuntsic.ca\/bulletin-express\/?p=7526"},"modified":"2016-11-14T15:47:01","modified_gmt":"2016-11-14T20:47:01","slug":"stephan-maighan-conferencier-invitela-force-cachee-de-lattitude","status":"publish","type":"post","link":"http:\/\/cahuntsic.ca\/bulletin-express\/stephan-maighan-conferencier-invitela-force-cachee-de-lattitude\/","title":{"rendered":"St\u00e9phan Maighan, conf\u00e9rencier invit\u00e9<br>La force cach\u00e9e de l&rsquo;attitude"},"content":{"rendered":"<p><a href=\"http:\/\/cahuntsic.ca\/bulletin-express\/wp-content\/uploads\/2016\/11\/Conferencier.png\"><img loading=\"lazy\" class=\" wp-image-7532 alignright\" src=\"http:\/\/cahuntsic.ca\/bulletin-express\/wp-content\/uploads\/2016\/11\/Conferencier-300x202.png\" alt=\"conferencier\" width=\"272\" height=\"183\" srcset=\"http:\/\/cahuntsic.ca\/bulletin-express\/wp-content\/uploads\/2016\/11\/Conferencier-300x202.png 300w, http:\/\/cahuntsic.ca\/bulletin-express\/wp-content\/uploads\/2016\/11\/Conferencier.png 432w\" sizes=\"(max-width: 272px) 100vw, 272px\" \/><\/a>Dans le cadre du Plan institutionnel de formation et de perfectionnement (PIFP), le Coll\u00e8ge vous invite \u00e0 assister \u00e0 la conf\u00e9rence de M. St\u00e9phan Maighan intitul\u00e9e\u00a0<em>La force cach\u00e9e de l&rsquo;attitude.\u00a0<\/em>Cette conf\u00e9rence aura lieu\u00a0<strong>le jeudi 15 d\u00e9cembre, de 14 h \u00e0 15 h 30,\u00a0<\/strong>\u00e0 l&rsquo;Amphith\u00e9\u00e2tre du Coll\u00e8ge (Salle C2.165).<\/p>\n<p>Humoristique et dynamique, cette conf\u00e9rence s&rsquo;adresse \u00e0 tout le personnel, aux entrepreneurs et aux dirigeants, et a pour but de motiver et de stimuler les gens, aussi bien dans leur vie personnelle que professionnelle, \u00e0 vivre et \u00e0 performer au sommet de leurs possibilit\u00e9s.<\/p>\n<h3>Aller au bout de ses possibilit\u00e9s<\/h3>\n<p>M. Maighan vous fera d\u00e9couvrir l\u2019importance de l\u2019attitude positive et de la responsabilisation de chacun, que ce soit dans son entreprise ou dans sa vie personnelle. \u00c0 quoi ressemblerait votre vie personnelle et professionnelle si vous appreniez \u00e0 performer au sommet de\u00a0<em>vos<\/em>\u00a0possibilit\u00e9s ? C\u2019est entre autres \u00e0 cette question que r\u00e9pond cette conf\u00e9rence des plus percutantes, en plus de vous offrir les outils et les strat\u00e9gies pour mobiliser les gens autour de vous et pour adopter une attitude gagnante.<\/p>\n<p>L\u2019interaction entre les participants durant la conf\u00e9rence et les exp\u00e9riences personnelles que Stephan ose partager avec son auditoire ne manqueront pas de rendre cet \u00e9v\u00e9nement m\u00e9morable.<\/p>\n<p><a href=\"https:\/\/www.eventbrite.fr\/e\/billets-la-force-cachee-de-lattitude-amphitheatre-salle-c2165-29284249980\">Cliquez ici pour vous inscrire<\/a> mot de passe\u00a0: <span style=\"color: #ff0000;\"><strong>formation<\/strong><\/span><\/p>\n<div class=\"arve\" data-mode=\"normal\" data-oembed=\"1\" data-provider=\"vimeo\" id=\"arve-vimeo-8214701869f1cb2f1c10e195256481\" style=\"max-width:900px;\" itemscope itemtype=\"http:\/\/schema.org\/VideoObject\">\n<span class=\"arve-inner\"><br \/>\n<span class=\"arve-embed arve-embed--has-aspect-ratio\"><br \/>\n<span class=\"arve-ar\" style=\"padding-top:56.200000%\"><\/span><br \/>\n<meta itemprop=\"embedURL\" content=\"https:\/\/player.vimeo.com\/video\/82147018?h=7babd76a53&amp;dnt=1&amp;app_id=122963&amp;html5=1&amp;title=1&amp;byline=0&amp;portrait=0&amp;autoplay=0\"><br \/>\n<iframe loading=\"lazy\" allow=\"accelerometer; autoplay; clipboard-write; encrypted-media; gyroscope; picture-in-picture\" allowfullscreen class=\"arve-iframe fitvidsignore\" data-arve=\"arve-vimeo-8214701869f1cb2f1c10e195256481\" data-src-no-ap=\"https:\/\/player.vimeo.com\/video\/82147018?h=7babd76a53&amp;dnt=1&amp;app_id=122963&amp;html5=1&amp;title=1&amp;byline=0&amp;portrait=0&amp;autoplay=0\" frameborder=\"0\" height=\"505.8\" sandbox=\"allow-scripts allow-same-origin allow-presentation allow-popups allow-popups-to-escape-sandbox allow-forms\" scrolling=\"no\" src=\"https:\/\/player.vimeo.com\/video\/82147018?h=7babd76a53&#038;dnt=1&#038;app_id=122963&#038;html5=1&#038;title=1&#038;byline=0&#038;portrait=0&#038;autoplay=0?theme=none&amp;wmode=opaque\" width=\"900\"><\/iframe><\/p>\n<p><\/span><\/p>\n<p><\/span><\/p>\n<\/div>\n<p>Source : \u00c9quipe sant\u00e9 \/ Direction des ressources humaines<\/p>\n","protected":false},"excerpt":{"rendered":"<p>Dans le cadre du Plan institutionnel de formation et de perfectionnement (PIFP), le Coll\u00e8ge vous invite \u00e0 assister \u00e0 la conf\u00e9rence de M. St\u00e9phan Maighan intitul\u00e9e\u00a0La force cach\u00e9e de l&rsquo;attitude.\u00a0Cette conf\u00e9rence aura lieu\u00a0le jeudi 15 d\u00e9cembre, de 14 h \u00e0 15 h 30,\u00a0\u00e0 l&rsquo;Amphith\u00e9\u00e2tre du Coll\u00e8ge (Salle C2.165). Humoristique et dynamique, cette conf\u00e9rence s&rsquo;adresse \u00e0 [&hellip;]<\/p>\n","protected":false},"author":2,"featured_media":7532,"comment_status":"closed","ping_status":"closed","sticky":false,"template":"","format":"standard","meta":{"_expiration-date-status":"saved","_expiration-date":0,"_expiration-date-type":"","_expiration-date-categories":[],"_expiration-date-options":[]},"categories":[2],"tags":[],"_links":{"self":[{"href":"http:\/\/cahuntsic.ca\/bulletin-express\/wp-json\/wp\/v2\/posts\/7526"}],"collection":[{"href":"http:\/\/cahuntsic.ca\/bulletin-express\/wp-json\/wp\/v2\/posts"}],"about":[{"href":"http:\/\/cahuntsic.ca\/bulletin-express\/wp-json\/wp\/v2\/types\/post"}],"author":[{"embeddable":true,"href":"http:\/\/cahuntsic.ca\/bulletin-express\/wp-json\/wp\/v2\/users\/2"}],"replies":[{"embeddable":true,"href":"http:\/\/cahuntsic.ca\/bulletin-express\/wp-json\/wp\/v2\/comments?post=7526"}],"version-history":[{"count":10,"href":"http:\/\/cahuntsic.ca\/bulletin-express\/wp-json\/wp\/v2\/posts\/7526\/revisions"}],"predecessor-version":[{"id":7550,"href":"http:\/\/cahuntsic.ca\/bulletin-express\/wp-json\/wp\/v2\/posts\/7526\/revisions\/7550"}],"wp:featuredmedia":[{"embeddable":true,"href":"http:\/\/cahuntsic.ca\/bulletin-express\/wp-json\/wp\/v2\/media\/7532"}],"wp:attachment":[{"href":"http:\/\/cahuntsic.ca\/bulletin-express\/wp-json\/wp\/v2\/media?parent=7526"}],"wp:term":[{"taxonomy":"category","embeddable":true,"href":"http:\/\/cahuntsic.ca\/bulletin-express\/wp-json\/wp\/v2\/categories?post=7526"},{"taxonomy":"post_tag","embeddable":true,"href":"http:\/\/cahuntsic.ca\/bulletin-express\/wp-json\/wp\/v2\/tags?post=7526"}],"curies":[{"name":"wp","href":"https:\/\/api.w.org\/{rel}","templated":true}]}}