{"id":7578,"date":"2016-11-23T11:44:51","date_gmt":"2016-11-23T16:44:51","guid":{"rendered":"http:\/\/cahuntsic.ca\/bulletin-express\/?p=7578"},"modified":"2016-11-28T09:51:24","modified_gmt":"2016-11-28T14:51:24","slug":"la-realite-virtuelle-vr-fait-son-entree-au-college","status":"publish","type":"post","link":"http:\/\/cahuntsic.ca\/bulletin-express\/la-realite-virtuelle-vr-fait-son-entree-au-college\/","title":{"rendered":"La r\u00e9alit\u00e9 virtuelle (VR) fait son entr\u00e9e au Coll\u00e8ge !"},"content":{"rendered":"<p><a href=\"http:\/\/cahuntsic.ca\/bulletin-express\/wp-content\/uploads\/2016\/11\/IMG_0207-e1479919972260.jpeg\"><img loading=\"lazy\" class=\" wp-image-7583 alignright\" src=\"http:\/\/cahuntsic.ca\/bulletin-express\/wp-content\/uploads\/2016\/11\/IMG_0207-e1479919972260-300x225.jpeg\" alt=\"img_0207\" width=\"283\" height=\"212\" srcset=\"http:\/\/cahuntsic.ca\/bulletin-express\/wp-content\/uploads\/2016\/11\/IMG_0207-e1479919972260-300x225.jpeg 300w, http:\/\/cahuntsic.ca\/bulletin-express\/wp-content\/uploads\/2016\/11\/IMG_0207-e1479919972260-1024x768.jpeg 1024w, http:\/\/cahuntsic.ca\/bulletin-express\/wp-content\/uploads\/2016\/11\/IMG_0207-e1479919972260-600x450.jpeg 600w, http:\/\/cahuntsic.ca\/bulletin-express\/wp-content\/uploads\/2016\/11\/IMG_0207-e1479919972260-400x300.jpeg 400w, http:\/\/cahuntsic.ca\/bulletin-express\/wp-content\/uploads\/2016\/11\/IMG_0207-e1479919972260.jpeg 2016w\" sizes=\"(max-width: 283px) 100vw, 283px\" \/><\/a>Le Coll\u00e8ge s\u2019est dot\u00e9 d\u2019une station de r\u00e9alit\u00e9 virtuelle en acc\u00e8s libre \u00e0 la biblioth\u00e8que Laurent-Michel-Vacher et vous \u00eates invit\u00e9 \u00e0 venir en faire l\u2019essai. Accessible \u00e0 l\u2019ensemble de la communaut\u00e9, cet appareil de diffusion de contenu hautement immersif se veut une vitrine sur le monde.<\/p>\n<h3>Prochaine grande perc\u00e9e technologique<\/h3>\n<p>\u00ab Je suis souvent interpell\u00e9 par les gens qui me demandent quelle sera la prochaine grande perc\u00e9e technologique de masse ? Sans h\u00e9siter je r\u00e9ponds toujours\u00a0: la r\u00e9alit\u00e9 virtuelle ! Autant pour se d\u00e9placer virtuellement, explorer le monde, se divertir ou encore, pour communiquer avec les autres de fa\u00e7on interactive, cette technologie sera pr\u00e9sente partout dans quelques ann\u00e9es \u00bb, mentionne M. Alexandre Lupien, directeur des technologies de l\u2019information.<\/p>\n<h3>Le Coll\u00e8ge embarque dans l&rsquo;aventure<\/h3>\n<p>Soucieux d\u2019\u00eatre \u00e0 l\u2019avant-garde, le Coll\u00e8ge Ahuntsic embarque imm\u00e9diatement dans l\u2019aventure de la r\u00e9alit\u00e9 virtuelle, et ce, sur deux plans. Premi\u00e8rement, comme nous sommes aux balbutiements de la VR, une station de consultation de contenus virtuels est en place pour se familiariser avec le concept.\u00a0 Dans un second temps, le d\u00e9veloppement de tels contenus sera explor\u00e9 et, qui sait, possiblement enseign\u00e9 un jour au Coll\u00e8ge.<\/p>\n<p>La sensation d\u2019immersion totale que procure une exp\u00e9rience de r\u00e9alit\u00e9 virtuelle se d\u00e9crit difficilement : elle doit \u00eatre v\u00e9cue pour bien la comprendre. C\u2019est ce que le Coll\u00e8ge souhaite faire vivre aux membres de sa communaut\u00e9.<\/p>\n<p>La solution de VR retenue par le Coll\u00e8ge est une paire de lunettes RIFT de Oculus, consid\u00e9r\u00e9e par plusieurs experts comme le <em>nec plus ultra<\/em> en termes d\u2019\u00e9quipements de ce genre.<\/p>\n<h3>Vivez l&rsquo;exp\u00e9rience ! R\u00e9servez votre place<\/h3>\n<p class=\"p1\"><span class=\"s1\">Pour acc\u00e9der au formulaire de r\u00e9servation des plages horaires de la station de r\u00e9alit\u00e9 virtuelle, <strong><a href=\"https:\/\/goo.gl\/13t0ex\">CLIQUEZ ICI<\/a><\/strong>.<\/span><\/p>\n<p>Bienvenue dans le monde de la r\u00e9alit\u00e9 virtuelle !<\/p>\n<p>Source : Direction des technologies de l&rsquo;information<\/p>\n<p>&nbsp;<\/p>\n","protected":false},"excerpt":{"rendered":"<p>Le Coll\u00e8ge s\u2019est dot\u00e9 d\u2019une station de r\u00e9alit\u00e9 virtuelle en acc\u00e8s libre \u00e0 la biblioth\u00e8que Laurent-Michel-Vacher et vous \u00eates invit\u00e9 \u00e0 venir en faire l\u2019essai. Accessible \u00e0 l\u2019ensemble de la communaut\u00e9, cet appareil de diffusion de contenu hautement immersif se veut une vitrine sur le monde. Prochaine grande perc\u00e9e technologique \u00ab Je suis souvent interpell\u00e9 [&hellip;]<\/p>\n","protected":false},"author":2,"featured_media":7579,"comment_status":"closed","ping_status":"closed","sticky":false,"template":"","format":"standard","meta":{"_expiration-date-status":"saved","_expiration-date":0,"_expiration-date-type":"","_expiration-date-categories":[],"_expiration-date-options":[]},"categories":[1],"tags":[],"_links":{"self":[{"href":"http:\/\/cahuntsic.ca\/bulletin-express\/wp-json\/wp\/v2\/posts\/7578"}],"collection":[{"href":"http:\/\/cahuntsic.ca\/bulletin-express\/wp-json\/wp\/v2\/posts"}],"about":[{"href":"http:\/\/cahuntsic.ca\/bulletin-express\/wp-json\/wp\/v2\/types\/post"}],"author":[{"embeddable":true,"href":"http:\/\/cahuntsic.ca\/bulletin-express\/wp-json\/wp\/v2\/users\/2"}],"replies":[{"embeddable":true,"href":"http:\/\/cahuntsic.ca\/bulletin-express\/wp-json\/wp\/v2\/comments?post=7578"}],"version-history":[{"count":5,"href":"http:\/\/cahuntsic.ca\/bulletin-express\/wp-json\/wp\/v2\/posts\/7578\/revisions"}],"predecessor-version":[{"id":7663,"href":"http:\/\/cahuntsic.ca\/bulletin-express\/wp-json\/wp\/v2\/posts\/7578\/revisions\/7663"}],"wp:featuredmedia":[{"embeddable":true,"href":"http:\/\/cahuntsic.ca\/bulletin-express\/wp-json\/wp\/v2\/media\/7579"}],"wp:attachment":[{"href":"http:\/\/cahuntsic.ca\/bulletin-express\/wp-json\/wp\/v2\/media?parent=7578"}],"wp:term":[{"taxonomy":"category","embeddable":true,"href":"http:\/\/cahuntsic.ca\/bulletin-express\/wp-json\/wp\/v2\/categories?post=7578"},{"taxonomy":"post_tag","embeddable":true,"href":"http:\/\/cahuntsic.ca\/bulletin-express\/wp-json\/wp\/v2\/tags?post=7578"}],"curies":[{"name":"wp","href":"https:\/\/api.w.org\/{rel}","templated":true}]}}