{"id":7740,"date":"2017-01-03T12:00:34","date_gmt":"2017-01-03T17:00:34","guid":{"rendered":"http:\/\/cahuntsic.ca\/bulletin-express\/?p=7740"},"modified":"2017-01-03T10:59:01","modified_gmt":"2017-01-03T15:59:01","slug":"exposition-de-toiles-dadriana-balan","status":"publish","type":"post","link":"http:\/\/cahuntsic.ca\/bulletin-express\/exposition-de-toiles-dadriana-balan\/","title":{"rendered":"Exposition de toiles d&rsquo;Adriana Balan"},"content":{"rendered":"<p><a href=\"http:\/\/cahuntsic.ca\/bulletin-express\/wp-content\/uploads\/2017\/01\/Ciel.jpg\"><img loading=\"lazy\" class=\"size-full wp-image-7745 alignright\" src=\"http:\/\/cahuntsic.ca\/bulletin-express\/wp-content\/uploads\/2017\/01\/Ciel.jpg\" alt=\"\" width=\"158\" height=\"201\" \/><\/a>Adriana Balan, enseignante en anglais au Coll\u00e8ge, expose ses toiles au Salon du personnel (local C1.140), du 9 janvier au 10 mars, dans le cadre d\u2019une exposition intitul\u00e9e \u00ab Ciel \u00bb.<\/p>\n<p>Madame Balan provient d\u2019une famille tr\u00e8s artistique\u00a0: sa m\u00e8re peint aussi et son p\u00e8re se d\u00e9die \u00e0 la sculpture dans ses temps libres. Venez d\u00e9couvrir ses cr\u00e9ations inspir\u00e9es du ciel !<\/p>\n<p>Vous avez vous aussi une passion et aimeriez exposer vos oeuvres ? Vous \u00eates invit\u00e9s \u00e0 soumettre vos projets artistiques qui raviveront les murs du Salon Marie-Th\u00e9r\u00e8se-Gauthier. Cliquez <a href=\"http:\/\/www.collegeahuntsic.qc.ca\/intranet\/ressources-humaines\/programmes\/programme-sant-et-mieux-tre\/salon-du-personnel-marie-thrse-gauthier-expositions\">ICI<\/a> pour soumettre votre projet.<\/p>\n<p>Source : \u00c9quipe sant\u00e9<\/p>\n","protected":false},"excerpt":{"rendered":"<p>Adriana Balan, enseignante en anglais au Coll\u00e8ge, expose ses toiles au Salon du personnel (local C1.140), du 9 janvier au 10 mars, dans le cadre d\u2019une exposition intitul\u00e9e \u00ab Ciel \u00bb. Madame Balan provient d\u2019une famille tr\u00e8s artistique\u00a0: sa m\u00e8re peint aussi et son p\u00e8re se d\u00e9die \u00e0 la sculpture dans ses temps libres. Venez [&hellip;]<\/p>\n","protected":false},"author":2,"featured_media":7745,"comment_status":"closed","ping_status":"closed","sticky":false,"template":"","format":"standard","meta":{"_expiration-date-status":"saved","_expiration-date":0,"_expiration-date-type":"","_expiration-date-categories":[],"_expiration-date-options":[]},"categories":[6,11],"tags":[],"_links":{"self":[{"href":"http:\/\/cahuntsic.ca\/bulletin-express\/wp-json\/wp\/v2\/posts\/7740"}],"collection":[{"href":"http:\/\/cahuntsic.ca\/bulletin-express\/wp-json\/wp\/v2\/posts"}],"about":[{"href":"http:\/\/cahuntsic.ca\/bulletin-express\/wp-json\/wp\/v2\/types\/post"}],"author":[{"embeddable":true,"href":"http:\/\/cahuntsic.ca\/bulletin-express\/wp-json\/wp\/v2\/users\/2"}],"replies":[{"embeddable":true,"href":"http:\/\/cahuntsic.ca\/bulletin-express\/wp-json\/wp\/v2\/comments?post=7740"}],"version-history":[{"count":5,"href":"http:\/\/cahuntsic.ca\/bulletin-express\/wp-json\/wp\/v2\/posts\/7740\/revisions"}],"predecessor-version":[{"id":7746,"href":"http:\/\/cahuntsic.ca\/bulletin-express\/wp-json\/wp\/v2\/posts\/7740\/revisions\/7746"}],"wp:featuredmedia":[{"embeddable":true,"href":"http:\/\/cahuntsic.ca\/bulletin-express\/wp-json\/wp\/v2\/media\/7745"}],"wp:attachment":[{"href":"http:\/\/cahuntsic.ca\/bulletin-express\/wp-json\/wp\/v2\/media?parent=7740"}],"wp:term":[{"taxonomy":"category","embeddable":true,"href":"http:\/\/cahuntsic.ca\/bulletin-express\/wp-json\/wp\/v2\/categories?post=7740"},{"taxonomy":"post_tag","embeddable":true,"href":"http:\/\/cahuntsic.ca\/bulletin-express\/wp-json\/wp\/v2\/tags?post=7740"}],"curies":[{"name":"wp","href":"https:\/\/api.w.org\/{rel}","templated":true}]}}