{"id":8022,"date":"2017-02-24T16:30:26","date_gmt":"2017-02-24T21:30:26","guid":{"rendered":"http:\/\/cahuntsic.ca\/bulletin-express\/?p=8022"},"modified":"2017-02-24T16:30:43","modified_gmt":"2017-02-24T21:30:43","slug":"semaine-de-valorisation-du-francaisimprovisateurs-recherches","status":"publish","type":"post","link":"http:\/\/cahuntsic.ca\/bulletin-express\/semaine-de-valorisation-du-francaisimprovisateurs-recherches\/","title":{"rendered":"Semaine de valorisation du fran\u00e7ais<br>improvisateurs recherch\u00e9s !"},"content":{"rendered":"<p class=\"p1\"><span class=\"s1\"><a href=\"http:\/\/cahuntsic.ca\/bulletin-express\/wp-content\/uploads\/2017\/02\/Impro_photo.jpg\"><img loading=\"lazy\" class=\"alignright wp-image-8023\" src=\"http:\/\/cahuntsic.ca\/bulletin-express\/wp-content\/uploads\/2017\/02\/Impro_photo-300x213.jpg\" alt=\"\" width=\"268\" height=\"190\" srcset=\"http:\/\/cahuntsic.ca\/bulletin-express\/wp-content\/uploads\/2017\/02\/Impro_photo-300x213.jpg 300w, http:\/\/cahuntsic.ca\/bulletin-express\/wp-content\/uploads\/2017\/02\/Impro_photo-1024x727.jpg 1024w, http:\/\/cahuntsic.ca\/bulletin-express\/wp-content\/uploads\/2017\/02\/Impro_photo-600x426.jpg 600w\" sizes=\"(max-width: 268px) 100vw, 268px\" \/><\/a><\/span><span class=\"s1\">Dans le cadre de la semaine de valorisation du fran\u00e7ais, un match sp\u00e9cial opposant des employ\u00e9s et des \u00e9tudiants aura lieu le <strong>mercredi 22 mars, de 12 h \u00e0 13 h<\/strong>, \u00e0 l\u2019agora.<\/span><\/p>\n<p class=\"p1\"><span class=\"s1\">Si vous avez le go\u00fbt de faire partie de l\u2019\u00e9quipe qui repr\u00e9sentera le personnel, passez voir Val\u00e9rie Charron, au Service de l\u2019animation socioculturelle, au local au A1.210.<\/span><\/p>\n<p class=\"p1\">Source : Service de l&rsquo;animation socioculturelle<\/p>\n<p class=\"p1\"><span class=\"s1\">\u00a0<\/span><\/p>\n<p class=\"p1\"><span class=\"s1\">\u00a0<\/span><\/p>\n","protected":false},"excerpt":{"rendered":"<p>Dans le cadre de la semaine de valorisation du fran\u00e7ais, un match sp\u00e9cial opposant des employ\u00e9s et des \u00e9tudiants aura lieu le mercredi 22 mars, de 12 h \u00e0 13 h, \u00e0 l\u2019agora. Si vous avez le go\u00fbt de faire partie de l\u2019\u00e9quipe qui repr\u00e9sentera le personnel, passez voir Val\u00e9rie Charron, au Service de l\u2019animation [&hellip;]<\/p>\n","protected":false},"author":2,"featured_media":8023,"comment_status":"closed","ping_status":"closed","sticky":false,"template":"","format":"standard","meta":{"_expiration-date-status":"saved","_expiration-date":0,"_expiration-date-type":"","_expiration-date-categories":[],"_expiration-date-options":[]},"categories":[2],"tags":[],"_links":{"self":[{"href":"http:\/\/cahuntsic.ca\/bulletin-express\/wp-json\/wp\/v2\/posts\/8022"}],"collection":[{"href":"http:\/\/cahuntsic.ca\/bulletin-express\/wp-json\/wp\/v2\/posts"}],"about":[{"href":"http:\/\/cahuntsic.ca\/bulletin-express\/wp-json\/wp\/v2\/types\/post"}],"author":[{"embeddable":true,"href":"http:\/\/cahuntsic.ca\/bulletin-express\/wp-json\/wp\/v2\/users\/2"}],"replies":[{"embeddable":true,"href":"http:\/\/cahuntsic.ca\/bulletin-express\/wp-json\/wp\/v2\/comments?post=8022"}],"version-history":[{"count":2,"href":"http:\/\/cahuntsic.ca\/bulletin-express\/wp-json\/wp\/v2\/posts\/8022\/revisions"}],"predecessor-version":[{"id":8025,"href":"http:\/\/cahuntsic.ca\/bulletin-express\/wp-json\/wp\/v2\/posts\/8022\/revisions\/8025"}],"wp:featuredmedia":[{"embeddable":true,"href":"http:\/\/cahuntsic.ca\/bulletin-express\/wp-json\/wp\/v2\/media\/8023"}],"wp:attachment":[{"href":"http:\/\/cahuntsic.ca\/bulletin-express\/wp-json\/wp\/v2\/media?parent=8022"}],"wp:term":[{"taxonomy":"category","embeddable":true,"href":"http:\/\/cahuntsic.ca\/bulletin-express\/wp-json\/wp\/v2\/categories?post=8022"},{"taxonomy":"post_tag","embeddable":true,"href":"http:\/\/cahuntsic.ca\/bulletin-express\/wp-json\/wp\/v2\/tags?post=8022"}],"curies":[{"name":"wp","href":"https:\/\/api.w.org\/{rel}","templated":true}]}}