{"id":8068,"date":"2017-03-03T15:00:45","date_gmt":"2017-03-03T20:00:45","guid":{"rendered":"http:\/\/cahuntsic.ca\/bulletin-express\/?p=8068"},"modified":"2017-03-06T09:11:08","modified_gmt":"2017-03-06T14:11:08","slug":"designation-de-lauditorium-nouveau-nom-devoile","status":"publish","type":"post","link":"http:\/\/cahuntsic.ca\/bulletin-express\/designation-de-lauditorium-nouveau-nom-devoile\/","title":{"rendered":"Auditorium du Coll\u00e8ge:<br>le nouveau nom enfin choisi !"},"content":{"rendered":"<p><a href=\"http:\/\/cahuntsic.ca\/bulletin-express\/wp-content\/uploads\/2017\/03\/michel-tremblay.jpg\"><img loading=\"lazy\" class=\"alignright size-medium wp-image-8075\" src=\"http:\/\/cahuntsic.ca\/bulletin-express\/wp-content\/uploads\/2017\/03\/michel-tremblay-279x300.jpg\" alt=\"\" width=\"279\" height=\"300\" srcset=\"http:\/\/cahuntsic.ca\/bulletin-express\/wp-content\/uploads\/2017\/03\/michel-tremblay-279x300.jpg 279w, http:\/\/cahuntsic.ca\/bulletin-express\/wp-content\/uploads\/2017\/03\/michel-tremblay-951x1024.jpg 951w, http:\/\/cahuntsic.ca\/bulletin-express\/wp-content\/uploads\/2017\/03\/michel-tremblay-600x646.jpg 600w, http:\/\/cahuntsic.ca\/bulletin-express\/wp-content\/uploads\/2017\/03\/michel-tremblay.jpg 1147w\" sizes=\"(max-width: 279px) 100vw, 279px\" \/><\/a><\/p>\n<p>\u00c0 la suite de la recommandation du Comit\u00e9 de toponymie du Coll\u00e8ge, le Comit\u00e9 ex\u00e9cutif du Coll\u00e8ge a arr\u00eat\u00e9 son choix et la salle portera d\u00e9sormais le nom \u00ab\u00a0L&rsquo;Espace Le Vrai Monde\u00a0?\u00a0\u00bb.<\/p>\n<p>Rappelons-nous que le Comit\u00e9 de toponymie du Coll\u00e8ge avait entam\u00e9 cet automne des travaux afin de proc\u00e9der \u00e0 la d\u00e9signation toponymique de l\u2019auditorium du Coll\u00e8ge. Dans le cadre de ces travaux, la communaut\u00e9 coll\u00e9giale a \u00e9t\u00e9 interpell\u00e9e et avait soumis plus de 65 suggestions.<\/p>\n<h3><strong>Michel Tremblay, un choix inspirant<\/strong><\/h3>\n<p>Que ce soit parce qu\u2019il a \u00e9t\u00e9 un ancien \u00e9tudiant du Coll\u00e8ge, qu\u2019il a marqu\u00e9 la soci\u00e9t\u00e9 qu\u00e9b\u00e9coise et m\u00eame la sc\u00e8ne internationale, qu\u2019il est indissociable de la vie culturelle montr\u00e9alaise depuis pr\u00e8s de 50 ans, que ce soit par son nom ou l\u2019une de ses \u0153uvres, un nom s\u2019est impos\u00e9 au Comit\u00e9 de toponymie, celui de <strong>Michel Tremblay<\/strong>.<\/p>\n<p>Michel Tremblay a \u00e9tudi\u00e9, d\u00e8s 1960, \u00e0 l\u2019Institut des arts graphiques, l\u2019une des institutions \u00e0 l\u2019origine du Coll\u00e8ge Ahuntsic, et est ainsi devenu typographe. D\u00e8s cette \u00e9poque, cet amour \u00ab des lettres \u00bb se transformait en passion pour les mots et la litt\u00e9rature.<\/p>\n<p><em>Le Vrai Monde ?<\/em> est l&rsquo;une des pi\u00e8ces phares de Michel Tremblay. \u00c9crite en 1987, elle raconte l&rsquo;histoire de Claude, 23 ans, qui r\u00eave de devenir \u00e9crivain. La premi\u00e8re pi\u00e8ce de Claude met en sc\u00e8ne son p\u00e8re, sa m\u00e8re et sa s\u0153ur, aupr\u00e8s desquels il a puis\u00e9 son inspiration. Ses personnages prennent vie et c\u00f4toient leurs mod\u00e8les; une fascinante confrontation s&rsquo;ensuit, o\u00f9 s&rsquo;agite la multiplicit\u00e9 des perceptions et des r\u00e9alit\u00e9s. O\u00f9 est le vrai? O\u00f9 est le faux? Chacun a une perception de la r\u00e9alit\u00e9 qui lui est propre. <em>Le Vrai monde?<\/em> fait \u00e9cho aux chemins myst\u00e9rieux de la cr\u00e9ation. Quelle image forte pour d\u00e9signer une salle d\u00e9di\u00e9e aux arts de la sc\u00e8ne, tout m\u00e9dium confondu.<\/p>\n<p><em>Le Vrai monde? <\/em>se veut \u00e9galement un miroir de la communaut\u00e9 du Coll\u00e8ge o\u00f9 les origines, le parcours et l\u2019\u00e2ge de ses membres sont des plus divers. Une mixit\u00e9 riche et color\u00e9e o\u00f9 l\u2019expression artistique et culturelle exprime ces influences et refl\u00e8te cette r\u00e9alit\u00e9.<\/p>\n<p>Le choix du mot \u00ab Espace \u00bb pour accompagner Le Vrai Monde ? a \u00e9galement fait l&rsquo;unanimit\u00e9 au sein du Comit\u00e9. En effet, cette nomenclature fait r\u00e9f\u00e9rence \u00e0 un lieu ouvert \u00e0 l&rsquo;ensemble des modes d&rsquo;expressions artistiques, que ce soit le th\u00e9\u00e2tre, la danse, le chant ou d&rsquo;autres formes d&rsquo;art.<\/p>\n<p>En conclusion, L&rsquo;Espace Le Vrai Monde ? fait \u00e9cho \u00e0 l&rsquo;histoire du Coll\u00e8ge et au passage en ses murs de l&rsquo;un des plus illustres \u00e9crivains du Qu\u00e9bec contemporain, Michel Tremblay.<\/p>\n<h3><strong>Inauguration \u00e0 l\u2019automne 2017 !<\/strong><\/h3>\n<p>Une c\u00e9r\u00e9monie d&rsquo;inauguration officielle de l&rsquo;auditorium, \u00e0 laquelle Michel Tremblay a d\u00e9j\u00e0 accept\u00e9 de participer, sera organis\u00e9e \u00e0 l&rsquo;automne 2017, dans le cadre des festivit\u00e9s du 50<sup>e<\/sup> anniversaire du Coll\u00e8ge. La communaut\u00e9 coll\u00e9giale y sera convi\u00e9e. Tous les d\u00e9tails vous seront communiqu\u00e9s au moment convenu.<\/p>\n<p>Source : Comit\u00e9 de toponymie<\/p>\n<p>&nbsp;<\/p>\n<p>&nbsp;<\/p>\n<p>&nbsp;<\/p>\n","protected":false},"excerpt":{"rendered":"<p>\u00c0 la suite de la recommandation du Comit\u00e9 de toponymie du Coll\u00e8ge, le Comit\u00e9 ex\u00e9cutif du Coll\u00e8ge a arr\u00eat\u00e9 son choix et la salle portera d\u00e9sormais le nom \u00ab\u00a0L&rsquo;Espace Le Vrai Monde\u00a0?\u00a0\u00bb. Rappelons-nous que le Comit\u00e9 de toponymie du Coll\u00e8ge avait entam\u00e9 cet automne des travaux afin de proc\u00e9der \u00e0 la d\u00e9signation toponymique de l\u2019auditorium [&hellip;]<\/p>\n","protected":false},"author":2,"featured_media":5180,"comment_status":"closed","ping_status":"closed","sticky":false,"template":"","format":"standard","meta":{"_expiration-date-status":"saved","_expiration-date":0,"_expiration-date-type":"","_expiration-date-categories":[],"_expiration-date-options":[]},"categories":[10],"tags":[],"_links":{"self":[{"href":"http:\/\/cahuntsic.ca\/bulletin-express\/wp-json\/wp\/v2\/posts\/8068"}],"collection":[{"href":"http:\/\/cahuntsic.ca\/bulletin-express\/wp-json\/wp\/v2\/posts"}],"about":[{"href":"http:\/\/cahuntsic.ca\/bulletin-express\/wp-json\/wp\/v2\/types\/post"}],"author":[{"embeddable":true,"href":"http:\/\/cahuntsic.ca\/bulletin-express\/wp-json\/wp\/v2\/users\/2"}],"replies":[{"embeddable":true,"href":"http:\/\/cahuntsic.ca\/bulletin-express\/wp-json\/wp\/v2\/comments?post=8068"}],"version-history":[{"count":14,"href":"http:\/\/cahuntsic.ca\/bulletin-express\/wp-json\/wp\/v2\/posts\/8068\/revisions"}],"predecessor-version":[{"id":8111,"href":"http:\/\/cahuntsic.ca\/bulletin-express\/wp-json\/wp\/v2\/posts\/8068\/revisions\/8111"}],"wp:featuredmedia":[{"embeddable":true,"href":"http:\/\/cahuntsic.ca\/bulletin-express\/wp-json\/wp\/v2\/media\/5180"}],"wp:attachment":[{"href":"http:\/\/cahuntsic.ca\/bulletin-express\/wp-json\/wp\/v2\/media?parent=8068"}],"wp:term":[{"taxonomy":"category","embeddable":true,"href":"http:\/\/cahuntsic.ca\/bulletin-express\/wp-json\/wp\/v2\/categories?post=8068"},{"taxonomy":"post_tag","embeddable":true,"href":"http:\/\/cahuntsic.ca\/bulletin-express\/wp-json\/wp\/v2\/tags?post=8068"}],"curies":[{"name":"wp","href":"https:\/\/api.w.org\/{rel}","templated":true}]}}