{"id":8225,"date":"2017-03-17T13:24:57","date_gmt":"2017-03-17T17:24:57","guid":{"rendered":"http:\/\/cahuntsic.ca\/bulletin-express\/?p=8225"},"modified":"2017-03-17T13:27:44","modified_gmt":"2017-03-17T17:27:44","slug":"lechovert-des-nouvelles-du-cace-3","status":"publish","type":"post","link":"http:\/\/cahuntsic.ca\/bulletin-express\/lechovert-des-nouvelles-du-cace-3\/","title":{"rendered":"L&rsquo;\u00c9chovert : des nouvelles du CACE"},"content":{"rendered":"<h3><strong>AGRICULTURE URBAINE<\/strong><\/h3>\n<p>La saison des semis est lanc\u00e9e! Cette ann\u00e9e, Ville en vert, en collaboration avec le Comit\u00e9 d\u2019action et de concertation en environnement (CACE) vous offre \u00e0 tr\u00e8s petit prix des plantes potag\u00e8res \u00e9cologiques et ultra-locales pour un jardin productif, savoureux et solidaire!<\/p>\n<p>En commandant vos plants\u00a0<strong><a href=\"https:\/\/www.escaleverte.ca\/categorie-produit\/jardinage\/plants-potagers\/\">ICI<\/a><\/strong>, vous encouragez une entreprise d\u2019\u00e9conomie sociale locale qui s\u2019investit depuis des ann\u00e9es dans le d\u00e9veloppement de l\u2019agriculture urbaine afin que tous les citoyens d\u2019Ahuntsic-Cartierville puissent avoir acc\u00e8s \u00e0 des fruits et l\u00e9gumes de qualit\u00e9 \u00e0 un prix abordable.<\/p>\n<p>Produits \u00e0 la serre du Coll\u00e8ge Ahuntsic, les plants sont cultiv\u00e9s localement et sans aucun intrant chimique et vous sont offerts \u00e0 un excellent prix! <a href=\"https:\/\/www.escaleverte.ca\/categorie-produit\/jardinage\/plants-potagers\/\">Commandez-les en ligne<\/a>\u00a0d\u00e8s maintenant afin de soutenir notre production et d\u2019avoir un plus grand choix de vari\u00e9t\u00e9s. Vous pourrez r\u00e9cup\u00e9rer votre commande de plants le 18 mai au Coll\u00e8ge Ahuntsic.<\/p>\n<p>Information\u00a0: <a href=\"mailto:environnement.ahuntsic@cahuntsic.ca\">environnement.ahuntsic@cahuntsic.ca<\/a><\/p>\n<h3><strong>Cin\u00c9CO Ahuntsic<\/strong><\/h3>\n<p><strong>le mercredi, 29 mars @ 19h\u00a0 &#8211; <\/strong><a href=\"http:\/\/www.bikes-vs-cars.com\/thefilm\"><strong>Bikes vs Cars<\/strong><\/a><\/p>\n<p><a href=\"http:\/\/cahuntsic.ca\/bulletin-express\/wp-content\/uploads\/2017\/03\/Bikes_vs_Cars_affiche.jpg\"><img loading=\"lazy\" class=\"alignright size-full wp-image-8227\" src=\"http:\/\/cahuntsic.ca\/bulletin-express\/wp-content\/uploads\/2017\/03\/Bikes_vs_Cars_affiche.jpg\" alt=\"\" width=\"142\" height=\"211\" \/><\/a>R\u00e9alisateur\u00a0: Frederik Gertten (2015) &#8211; Dur\u00e9e\u00a0:\u00a0 87 min.<\/p>\n<p>Le v\u00e9lo : v\u00e9ritable outil de changement. Avec chiffres et t\u00e9moignages \u00e0 l&rsquo;appui, ce film assume son combat contre l&rsquo;h\u00e9g\u00e9monie de la voiture et donne la parole \u00e0 ceux qui y r\u00e9sistent aux quatre-saisons coins de la plan\u00e8te, pour que le cycliste retrouve son droit de cit\u00e9. \u00ab Dans le (r\u00e9tro)viseur \u00bb pr\u00e9sente l&rsquo;exemple de Copenhague, dont 40 % des citoyens vont au travail \u00e0 bicyclette, \u00e9t\u00e9 comme hiver.<\/p>\n<p>Organis\u00e9 par le CACE et Mobilisation environnement Ahuntsic-Cartierville, les projections seront suivies d\u2019\u00e9changes sur les enjeux pr\u00e9sent\u00e9s. C&rsquo;est gratuit et ouvert aux citoyens et citoyennes&#8230; et aux discussions.<\/p>\n<p>Source : CACE<\/p>\n","protected":false},"excerpt":{"rendered":"<p>AGRICULTURE URBAINE La saison des semis est lanc\u00e9e! Cette ann\u00e9e, Ville en vert, en collaboration avec le Comit\u00e9 d\u2019action et de concertation en environnement (CACE) vous offre \u00e0 tr\u00e8s petit prix des plantes potag\u00e8res \u00e9cologiques et ultra-locales pour un jardin productif, savoureux et solidaire! En commandant vos plants\u00a0ICI, vous encouragez une entreprise d\u2019\u00e9conomie sociale locale [&hellip;]<\/p>\n","protected":false},"author":2,"featured_media":5125,"comment_status":"closed","ping_status":"closed","sticky":false,"template":"","format":"standard","meta":{"_expiration-date-status":"saved","_expiration-date":0,"_expiration-date-type":"","_expiration-date-categories":[],"_expiration-date-options":[]},"categories":[2],"tags":[],"_links":{"self":[{"href":"http:\/\/cahuntsic.ca\/bulletin-express\/wp-json\/wp\/v2\/posts\/8225"}],"collection":[{"href":"http:\/\/cahuntsic.ca\/bulletin-express\/wp-json\/wp\/v2\/posts"}],"about":[{"href":"http:\/\/cahuntsic.ca\/bulletin-express\/wp-json\/wp\/v2\/types\/post"}],"author":[{"embeddable":true,"href":"http:\/\/cahuntsic.ca\/bulletin-express\/wp-json\/wp\/v2\/users\/2"}],"replies":[{"embeddable":true,"href":"http:\/\/cahuntsic.ca\/bulletin-express\/wp-json\/wp\/v2\/comments?post=8225"}],"version-history":[{"count":3,"href":"http:\/\/cahuntsic.ca\/bulletin-express\/wp-json\/wp\/v2\/posts\/8225\/revisions"}],"predecessor-version":[{"id":8229,"href":"http:\/\/cahuntsic.ca\/bulletin-express\/wp-json\/wp\/v2\/posts\/8225\/revisions\/8229"}],"wp:featuredmedia":[{"embeddable":true,"href":"http:\/\/cahuntsic.ca\/bulletin-express\/wp-json\/wp\/v2\/media\/5125"}],"wp:attachment":[{"href":"http:\/\/cahuntsic.ca\/bulletin-express\/wp-json\/wp\/v2\/media?parent=8225"}],"wp:term":[{"taxonomy":"category","embeddable":true,"href":"http:\/\/cahuntsic.ca\/bulletin-express\/wp-json\/wp\/v2\/categories?post=8225"},{"taxonomy":"post_tag","embeddable":true,"href":"http:\/\/cahuntsic.ca\/bulletin-express\/wp-json\/wp\/v2\/tags?post=8225"}],"curies":[{"name":"wp","href":"https:\/\/api.w.org\/{rel}","templated":true}]}}