{"id":8376,"date":"2017-04-12T11:16:15","date_gmt":"2017-04-12T15:16:15","guid":{"rendered":"http:\/\/cahuntsic.ca\/bulletin-express\/?p=8376"},"modified":"2017-04-12T11:16:15","modified_gmt":"2017-04-12T15:16:15","slug":"colloque-en-sciences-humainesun-bilan-des-plus-positifs","status":"publish","type":"post","link":"http:\/\/cahuntsic.ca\/bulletin-express\/colloque-en-sciences-humainesun-bilan-des-plus-positifs\/","title":{"rendered":"Colloque en Sciences humaines<br>un bilan des plus positifs !"},"content":{"rendered":"<p><a href=\"http:\/\/cahuntsic.ca\/bulletin-express\/wp-content\/uploads\/2017\/04\/Colloque_ScHum_1.jpg\"><img loading=\"lazy\" class=\"alignright size-medium wp-image-8378\" src=\"http:\/\/cahuntsic.ca\/bulletin-express\/wp-content\/uploads\/2017\/04\/Colloque_ScHum_1-300x169.jpg\" alt=\"\" width=\"300\" height=\"169\" srcset=\"http:\/\/cahuntsic.ca\/bulletin-express\/wp-content\/uploads\/2017\/04\/Colloque_ScHum_1-300x169.jpg 300w, http:\/\/cahuntsic.ca\/bulletin-express\/wp-content\/uploads\/2017\/04\/Colloque_ScHum_1-1024x576.jpg 1024w, http:\/\/cahuntsic.ca\/bulletin-express\/wp-content\/uploads\/2017\/04\/Colloque_ScHum_1-600x338.jpg 600w, http:\/\/cahuntsic.ca\/bulletin-express\/wp-content\/uploads\/2017\/04\/Colloque_ScHum_1.jpg 2048w\" sizes=\"(max-width: 300px) 100vw, 300px\" \/><\/a>Plus de 1 000 \u00e9tudiants du Coll\u00e8ge ont assist\u00e9 \u00e0 l&rsquo;une ou l&rsquo;autre des 11 conf\u00e9rences ou assist\u00e9 aux deux films pr\u00e9sent\u00e9s dans le contexte du 15e Colloque des Sciences humaines, du 27 au 30 mars 2017. Ce colloque avait pour th\u00e8me \u00ab D\u00e9battre pour \u00eatre entendus \u00bb.<\/p>\n<p>Encore une fois cette ann\u00e9e, les participants ont eu la chance d&rsquo;\u00e9couter des conf\u00e9renciers de renom parler d&rsquo;enjeux de soci\u00e9t\u00e9, interroger ces conf\u00e9renciers et d\u00e9battre d&rsquo;id\u00e9es. \u00ab Ce colloque vise \u00e0 aiguiser la curiosit\u00e9 des \u00e9tudiants et \u00e0 les convier \u00e0 un exercice intellectuel stimulant. Nous esp\u00e9rons qu&rsquo;il les incite \u00e0 \u00eatre des citoyens allum\u00e9s et engag\u00e9s \u00bb, explique Martin Bouchard, enseignant en Histoire et l&rsquo;un des organisateurs du Colloque.<\/p>\n<p><a href=\"http:\/\/cahuntsic.ca\/bulletin-express\/wp-content\/uploads\/2017\/04\/Colloque_ScHum_Eva_Ottawa.jpg\"><img loading=\"lazy\" class=\"alignleft  wp-image-8379\" src=\"http:\/\/cahuntsic.ca\/bulletin-express\/wp-content\/uploads\/2017\/04\/Colloque_ScHum_Eva_Ottawa-300x196.jpg\" alt=\"\" width=\"265\" height=\"173\" srcset=\"http:\/\/cahuntsic.ca\/bulletin-express\/wp-content\/uploads\/2017\/04\/Colloque_ScHum_Eva_Ottawa-300x196.jpg 300w, http:\/\/cahuntsic.ca\/bulletin-express\/wp-content\/uploads\/2017\/04\/Colloque_ScHum_Eva_Ottawa-1024x668.jpg 1024w, http:\/\/cahuntsic.ca\/bulletin-express\/wp-content\/uploads\/2017\/04\/Colloque_ScHum_Eva_Ottawa-600x392.jpg 600w, http:\/\/cahuntsic.ca\/bulletin-express\/wp-content\/uploads\/2017\/04\/Colloque_ScHum_Eva_Ottawa.jpg 1281w\" sizes=\"(max-width: 265px) 100vw, 265px\" \/><\/a>Les organisateurs f\u00e9licitent et remercient Simon Bissonnette-Campeau, \u00e9tudiant en Graphisme, qui a remport\u00e9 le concours pour l&rsquo;affiche du Colloque. Ils remercient \u00e9galement le Coll\u00e8ge, particuli\u00e8rement la direction des \u00e9tudes, et toutes les personnes qui, de pr\u00e8s ou de loin, ont contribu\u00e9 au succ\u00e8s de l&rsquo;\u00e9v\u00e9nement.<\/p>\n<p><strong><a href=\"https:\/\/www.facebook.com\/pg\/CollegeAhuntsic\/photos\/?tab=album&amp;album_id=1368468953213947\">&gt;&gt;&gt; Voir quelques photos de l&rsquo;\u00e9v\u00e9nement<\/a><\/strong><\/p>\n<p>&nbsp;<\/p>\n<p>Photo du bas : conf\u00e9rence d&rsquo;ouverture de Mme Eva Ottawa &#8211;\u00a0<em>R\u00e9flexions sur le r\u00f4le des femmes atikamekw<\/em><\/p>\n<p>Source : \u00a0Service des communications<\/p>\n<p>&nbsp;<\/p>\n<p>&nbsp;<\/p>\n","protected":false},"excerpt":{"rendered":"<p>Plus de 1 000 \u00e9tudiants du Coll\u00e8ge ont assist\u00e9 \u00e0 l&rsquo;une ou l&rsquo;autre des 11 conf\u00e9rences ou assist\u00e9 aux deux films pr\u00e9sent\u00e9s dans le contexte du 15e Colloque des Sciences humaines, du 27 au 30 mars 2017. Ce colloque avait pour th\u00e8me \u00ab D\u00e9battre pour \u00eatre entendus \u00bb. Encore une fois cette ann\u00e9e, les participants [&hellip;]<\/p>\n","protected":false},"author":2,"featured_media":8377,"comment_status":"closed","ping_status":"closed","sticky":false,"template":"","format":"standard","meta":{"_expiration-date-status":"saved","_expiration-date":0,"_expiration-date-type":"","_expiration-date-categories":[],"_expiration-date-options":[]},"categories":[2],"tags":[],"_links":{"self":[{"href":"http:\/\/cahuntsic.ca\/bulletin-express\/wp-json\/wp\/v2\/posts\/8376"}],"collection":[{"href":"http:\/\/cahuntsic.ca\/bulletin-express\/wp-json\/wp\/v2\/posts"}],"about":[{"href":"http:\/\/cahuntsic.ca\/bulletin-express\/wp-json\/wp\/v2\/types\/post"}],"author":[{"embeddable":true,"href":"http:\/\/cahuntsic.ca\/bulletin-express\/wp-json\/wp\/v2\/users\/2"}],"replies":[{"embeddable":true,"href":"http:\/\/cahuntsic.ca\/bulletin-express\/wp-json\/wp\/v2\/comments?post=8376"}],"version-history":[{"count":2,"href":"http:\/\/cahuntsic.ca\/bulletin-express\/wp-json\/wp\/v2\/posts\/8376\/revisions"}],"predecessor-version":[{"id":8381,"href":"http:\/\/cahuntsic.ca\/bulletin-express\/wp-json\/wp\/v2\/posts\/8376\/revisions\/8381"}],"wp:featuredmedia":[{"embeddable":true,"href":"http:\/\/cahuntsic.ca\/bulletin-express\/wp-json\/wp\/v2\/media\/8377"}],"wp:attachment":[{"href":"http:\/\/cahuntsic.ca\/bulletin-express\/wp-json\/wp\/v2\/media?parent=8376"}],"wp:term":[{"taxonomy":"category","embeddable":true,"href":"http:\/\/cahuntsic.ca\/bulletin-express\/wp-json\/wp\/v2\/categories?post=8376"},{"taxonomy":"post_tag","embeddable":true,"href":"http:\/\/cahuntsic.ca\/bulletin-express\/wp-json\/wp\/v2\/tags?post=8376"}],"curies":[{"name":"wp","href":"https:\/\/api.w.org\/{rel}","templated":true}]}}