{"id":8550,"date":"2017-05-09T15:53:00","date_gmt":"2017-05-09T19:53:00","guid":{"rendered":"http:\/\/cahuntsic.ca\/bulletin-express\/?p=8550"},"modified":"2017-05-09T15:56:36","modified_gmt":"2017-05-09T19:56:36","slug":"etudes-litteraires-un-sejour-detudes-inspirant-a-paris","status":"publish","type":"post","link":"http:\/\/cahuntsic.ca\/bulletin-express\/etudes-litteraires-un-sejour-detudes-inspirant-a-paris\/","title":{"rendered":"\u00c9tudes litt\u00e9raires : un s\u00e9jour d&rsquo;\u00e9tudes inspirant \u00e0 Paris"},"content":{"rendered":"<p class=\"p1\"><span class=\"s1\"><a href=\"http:\/\/cahuntsic.ca\/bulletin-express\/wp-content\/uploads\/2017\/05\/Etudes_litteraires_Paris.jpg\"><img loading=\"lazy\" class=\" wp-image-8552 alignright\" src=\"http:\/\/cahuntsic.ca\/bulletin-express\/wp-content\/uploads\/2017\/05\/Etudes_litteraires_Paris.jpg\" alt=\"\" width=\"313\" height=\"235\" srcset=\"http:\/\/cahuntsic.ca\/bulletin-express\/wp-content\/uploads\/2017\/05\/Etudes_litteraires_Paris.jpg 960w, http:\/\/cahuntsic.ca\/bulletin-express\/wp-content\/uploads\/2017\/05\/Etudes_litteraires_Paris-300x225.jpg 300w, http:\/\/cahuntsic.ca\/bulletin-express\/wp-content\/uploads\/2017\/05\/Etudes_litteraires_Paris-600x450.jpg 600w, http:\/\/cahuntsic.ca\/bulletin-express\/wp-content\/uploads\/2017\/05\/Etudes_litteraires_Paris-400x300.jpg 400w\" sizes=\"(max-width: 313px) 100vw, 313px\" \/><\/a>Pour la premi\u00e8re fois au Coll\u00e8ge, les \u00e9tudiantes du profil \u00c9tudes litt\u00e9raire s&rsquo;envolaient vers Paris, lors d&rsquo;un s\u00e9jour culturel cr\u00e9dit\u00e9 dans le cadre d&rsquo;un des cours de leur programme.<\/span><\/p>\n<p class=\"p1\"><span class=\"s1\"> Accompagn\u00e9es de Louis Bilodeau et de Mathieu Poulin, enseignants au D\u00e9partement de fran\u00e7ais et de lettres, les \u00e9tudiantes ont d\u00e9couvert la ville lumi\u00e8re et march\u00e9 dans les traces d&rsquo;\u00e9crivains ou de personnages c\u00e9l\u00e8bres de la litt\u00e9rature fran\u00e7aise.<\/span><\/p>\n<p class=\"p1\">Source : D\u00e9partement d&rsquo;\u00e9tudes litt\u00e9raires<\/p>\n","protected":false},"excerpt":{"rendered":"<p>Pour la premi\u00e8re fois au Coll\u00e8ge, les \u00e9tudiantes du profil \u00c9tudes litt\u00e9raire s&rsquo;envolaient vers Paris, lors d&rsquo;un s\u00e9jour culturel cr\u00e9dit\u00e9 dans le cadre d&rsquo;un des cours de leur programme. Accompagn\u00e9es de Louis Bilodeau et de Mathieu Poulin, enseignants au D\u00e9partement de fran\u00e7ais et de lettres, les \u00e9tudiantes ont d\u00e9couvert la ville lumi\u00e8re et march\u00e9 dans [&hellip;]<\/p>\n","protected":false},"author":2,"featured_media":8552,"comment_status":"closed","ping_status":"closed","sticky":false,"template":"","format":"standard","meta":{"_expiration-date-status":"saved","_expiration-date":0,"_expiration-date-type":"","_expiration-date-categories":[],"_expiration-date-options":[]},"categories":[2],"tags":[],"_links":{"self":[{"href":"http:\/\/cahuntsic.ca\/bulletin-express\/wp-json\/wp\/v2\/posts\/8550"}],"collection":[{"href":"http:\/\/cahuntsic.ca\/bulletin-express\/wp-json\/wp\/v2\/posts"}],"about":[{"href":"http:\/\/cahuntsic.ca\/bulletin-express\/wp-json\/wp\/v2\/types\/post"}],"author":[{"embeddable":true,"href":"http:\/\/cahuntsic.ca\/bulletin-express\/wp-json\/wp\/v2\/users\/2"}],"replies":[{"embeddable":true,"href":"http:\/\/cahuntsic.ca\/bulletin-express\/wp-json\/wp\/v2\/comments?post=8550"}],"version-history":[{"count":3,"href":"http:\/\/cahuntsic.ca\/bulletin-express\/wp-json\/wp\/v2\/posts\/8550\/revisions"}],"predecessor-version":[{"id":8554,"href":"http:\/\/cahuntsic.ca\/bulletin-express\/wp-json\/wp\/v2\/posts\/8550\/revisions\/8554"}],"wp:featuredmedia":[{"embeddable":true,"href":"http:\/\/cahuntsic.ca\/bulletin-express\/wp-json\/wp\/v2\/media\/8552"}],"wp:attachment":[{"href":"http:\/\/cahuntsic.ca\/bulletin-express\/wp-json\/wp\/v2\/media?parent=8550"}],"wp:term":[{"taxonomy":"category","embeddable":true,"href":"http:\/\/cahuntsic.ca\/bulletin-express\/wp-json\/wp\/v2\/categories?post=8550"},{"taxonomy":"post_tag","embeddable":true,"href":"http:\/\/cahuntsic.ca\/bulletin-express\/wp-json\/wp\/v2\/tags?post=8550"}],"curies":[{"name":"wp","href":"https:\/\/api.w.org\/{rel}","templated":true}]}}