{"id":8700,"date":"2017-08-21T10:00:28","date_gmt":"2017-08-21T14:00:28","guid":{"rendered":"http:\/\/cahuntsic.ca\/bulletin-express\/?p=8700"},"modified":"2017-08-21T16:07:41","modified_gmt":"2017-08-21T20:07:41","slug":"accueil-de-la-rentree-2017-lancement-des-activites-du-50e-anniversaire","status":"publish","type":"post","link":"http:\/\/cahuntsic.ca\/bulletin-express\/accueil-de-la-rentree-2017-lancement-des-activites-du-50e-anniversaire\/","title":{"rendered":"Accueil de la rentr\u00e9e 2017 :<br>prix de reconnaissance et bourses"},"content":{"rendered":"<p>\u00c0 la journ\u00e9e d&rsquo;accueil du personnel le 18 ao\u00fbt dernier, Nathalie Vall\u00e9e, directrice g\u00e9n\u00e9rale, a livr\u00e9 son message de la rentr\u00e9e. Elle en a profit\u00e9 pour parler des r\u00e9alisations marquantes de l&rsquo;ann\u00e9e 2016-2017 et exposer les projets, des enjeux et des d\u00e9fis de la prochaine ann\u00e9e. Elle a aussi annonc\u00e9 la programmation des festivit\u00e9s du 50e anniversaire du Coll\u00e8ge et pr\u00e9sent\u00e9 le <a href=\"http:\/\/cahuntsic.ca\/bulletin-express\/50e-anniversaire-du-college-avez-vous-votre-passeport\/\">passeport et le calendrier-souvenir<\/a>.<\/p>\n<p><a href=\"http:\/\/cahuntsic.ca\/bulletin-express\/nathalie-vallee-livre-son-message-de-la-rentree\/\">&gt;&gt;&gt; Lire l&rsquo;allocution de Nathalie Vall\u00e9e<\/a><\/p>\n<p>\u00c0 l\u2019occasion de cette c\u00e9r\u00e9monie d\u2019accueil, le Coll\u00e8ge a remis quatre bourses de perfectionnement \u00e0 des membres du personnel de soutien et 18 prix de reconnaissance institutionnelle \u00e0 des membres du personnel qui se sont distingu\u00e9s.<\/p>\n<h3><strong>Bourses de perfectionnement<br \/>\npour le personnel de soutien<\/strong><\/h3>\n<p><a href=\"http:\/\/cahuntsic.ca\/bulletin-express\/wp-content\/uploads\/2017\/08\/Accueil_boursiers.jpg\"><img loading=\"lazy\" class=\"alignright wp-image-8760\" src=\"http:\/\/cahuntsic.ca\/bulletin-express\/wp-content\/uploads\/2017\/08\/Accueil_boursiers-1024x749.jpg\" alt=\"\" width=\"307\" height=\"225\" srcset=\"http:\/\/cahuntsic.ca\/bulletin-express\/wp-content\/uploads\/2017\/08\/Accueil_boursiers-1024x749.jpg 1024w, http:\/\/cahuntsic.ca\/bulletin-express\/wp-content\/uploads\/2017\/08\/Accueil_boursiers-300x219.jpg 300w, http:\/\/cahuntsic.ca\/bulletin-express\/wp-content\/uploads\/2017\/08\/Accueil_boursiers-600x439.jpg 600w\" sizes=\"(max-width: 307px) 100vw, 307px\" \/><\/a>L\u2019objectif de ce programme est de fournir une aide compl\u00e9mentaire aux personnes engag\u00e9es dans un programme de perfectionnement dans le but d\u2019acqu\u00e9rir une formation reli\u00e9e \u00e0 leur emploi ou permettant l\u2019acc\u00e8s \u00e0 d\u2019autres postes.<\/p>\n<p>Au cours du mois d\u2019avril dernier, le personnel de soutien a re\u00e7u l\u2019information relative au Programme de bourses de perfectionnement.\u00a0Les candidatures ont \u00e9t\u00e9 re\u00e7ues et analys\u00e9es par le Comit\u00e9 de perfectionnement du personnel de soutien au moyen d\u2019une grille d\u2019\u00e9valuation comprenant des crit\u00e8res d\u2019admissibilit\u00e9 et des crit\u00e8res de s\u00e9lection. Cette ann\u00e9e, les membres de ce comit\u00e9 \u00e9taient\u00a0:\u00a0<strong>Marie-Lyne Miron,<\/strong> <strong>Janis Myre, Annie Corriveau et Yvon P\u00e9pin.<\/strong><\/p>\n<p>Au terme de ce processus,\u00a04 bourses sont octroy\u00e9es ce matin.<\/p>\n<ul>\n<li>Une bourse de\u00a01 000 $ est remise \u00e0 <strong>Marye-Claude Plourde<\/strong><br \/>\n<span style=\"line-height: inherit;\">Mme Plourde poursuit un DEC en Techniques de bureautique par la formation \u00e0 distance au C\u00e9gep r\u00e9gional de Lanaudi\u00e8re.<\/span><\/li>\n<li>Une bourse de\u00a0500 $ est remise \u00e0 <strong>Ren\u00e9e Comtois<\/strong><br \/>\n<span style=\"line-height: inherit;\">Mme Comtois poursuit un DEC en Techniques de bureautique par la formation \u00e0 distance au C\u00e9gep r\u00e9gional de Lanaudi\u00e8re.<\/span><\/li>\n<li>Une bourse de\u00a0500 $ est remise \u00e0 <strong>\u00c9dith Gobeil<\/strong><br \/>\n<span style=\"line-height: inherit;\">Mme Gobeil a compl\u00e9t\u00e9 un baccalaur\u00e9at en gestion \u00e0 l\u2019\u00c9cole des hautes \u00e9tudes commerciales.<\/span><\/li>\n<li>Une bourse de\u00a0500 $ est remise \u00e0 <strong>Pierre-Luc Desgagn\u00e9<\/strong><br \/>\n<span style=\"line-height: inherit;\">M. Desgagn\u00e9 poursuit un certificat en syst\u00e8mes d\u2019information et analyse d\u2019affaires aux HEC Montr\u00e9al.<\/span><\/li>\n<\/ul>\n<p>Toutes nos f\u00e9licitations \u00e0 nos boursiers !<\/p>\n<h2>Programme de reconnaissance<\/h2>\n<p>Le Programme de reconnaissance du Coll\u00e8ge comporte trois cat\u00e9gories de prix accessibles aux employ\u00e9s. Il s&rsquo;agit des cat\u00e9gories (1) Contribution exceptionnelle, (2) Distinction, et (3) Engagement social. La p\u00e9riode de mise en candidature s\u2019est \u00e9chelonn\u00e9e du 18 avril au 27 mai 2017.<\/p>\n<h3><strong>Contribution exceptionnelle<\/strong><\/h3>\n<p><a href=\"http:\/\/cahuntsic.ca\/bulletin-express\/wp-content\/uploads\/2017\/08\/Accueil_exceptionnel_LR.jpg\"><img loading=\"lazy\" class=\"alignright size-medium wp-image-8741\" src=\"http:\/\/cahuntsic.ca\/bulletin-express\/wp-content\/uploads\/2017\/08\/Accueil_exceptionnel_LR-300x217.jpg\" alt=\"\" width=\"300\" height=\"217\" srcset=\"http:\/\/cahuntsic.ca\/bulletin-express\/wp-content\/uploads\/2017\/08\/Accueil_exceptionnel_LR-300x217.jpg 300w, http:\/\/cahuntsic.ca\/bulletin-express\/wp-content\/uploads\/2017\/08\/Accueil_exceptionnel_LR-1024x742.jpg 1024w, http:\/\/cahuntsic.ca\/bulletin-express\/wp-content\/uploads\/2017\/08\/Accueil_exceptionnel_LR-600x435.jpg 600w\" sizes=\"(max-width: 300px) 100vw, 300px\" \/><\/a>Cette cat\u00e9gorie vise \u00e0 reconna\u00eetre publiquement les employ\u00e9s du Coll\u00e8ge ayant contribu\u00e9 de fa\u00e7on exceptionnelle \u00e0 l&rsquo;am\u00e9lioration et au d\u00e9veloppement p\u00e9dagogique, au milieu de vie ou administratif du Coll\u00e8ge. Elle veut valoriser leur comp\u00e9tence et leur expertise.<\/p>\n<p>Le jury de s\u00e9lection compos\u00e9 de Nathalie Vall\u00e9e, Claude Courchesne, Jo\u00ebl Findlay, Roxane Wilscam, Lisa Tremblay et Robert St-Amour a retenu 2 r\u00e9alisations.<\/p>\n<ol>\n<li><strong>Un prix de 500 $ est remis \u00e0 M. Daniel L\u00e9vesque, enseignant au D\u00e9partement de graphisme<\/strong><br \/>\nChaque ann\u00e9e depuis 2011, le D\u00e9partement d\u2019impression participe \u00e0 la r\u00e9alisation d\u2019une campagne de promotion du secteur des communications graphiques. Le placement publicitaire est fait dans plusieurs revues. Le visuel de cette campagne doit \u00eatre renouvel\u00e9 ann\u00e9e apr\u00e8s ann\u00e9e.\u00a0 En 2015-2016, le D\u00e9partement d\u2019impression souhaitait produire enti\u00e8rement cette campagne et notre laur\u00e9at a donc \u00e9t\u00e9 approch\u00e9 et a accept\u00e9 de cr\u00e9er le concept sans compter les heures et a m\u00eame r\u00e9cidiv\u00e9 cette ann\u00e9e en produisant un nouveau concept. \u00a0Son travail de cr\u00e9ation met en valeur le d\u00e9partement des communications graphiques et la visibilit\u00e9 du Coll\u00e8ge.<\/li>\n<li><strong>Un prix de 500 $ est remis \u00e0 M. Samuel Fournier St-Laurent, conseiller p\u00e9dagogique au Service de soutien \u00e0 l\u2019apprentissage, du d\u00e9veloppement p\u00e9dagogique et activit\u00e9s internationales.<\/strong><br \/>\nCe\u00a0laur\u00e9at a d\u00e9j\u00e0 \u00e0 son actif plusieurs r\u00e9alisations importantes au Coll\u00e8ge Ahuntsic. M\u00eame si sa mise en candidature est principalement reli\u00e9e \u00e0 la cr\u00e9ation de la classe d\u2019apprentissage actif (la CLAAC) inaugur\u00e9e en 2014, c\u2019est au cours de l\u2019ann\u00e9e 2016-2017 que les retomb\u00e9es p\u00e9dagogiques de son implantation se sont fait sentir plus fortement. En 2016-2017, la classe a \u00e9t\u00e9 tr\u00e8s en demande. Son engagement dans le projet CLAAC a ainsi permis un rayonnement important pour le Coll\u00e8ge, tant au niveau r\u00e9gional qu\u2019international. Toujours dispos\u00e9 \u00e0 partager son expertise et\u00a0\u00e0 faire conna\u00eetre les derni\u00e8res innovations en enseignement sup\u00e9rieur et les bons coups qui se font au Coll\u00e8ge, il a cr\u00e9\u00e9 les jeudis d\u00e9couvertes et plus encore.<\/li>\n<\/ol>\n<h3><u><\/u><strong>Distinction\u00a0<\/strong><\/h3>\n<p>Le jury de s\u00e9lection compos\u00e9 de Claude Courchesne, Jo\u00ebl Findlay, Roxane Wilscam, Lisa Tremblay et Robert St-Amour a retenu\u00a0la candidature de 18 laur\u00e9ats.<\/p>\n<p><a href=\"http:\/\/cahuntsic.ca\/bulletin-express\/wp-content\/uploads\/2017\/08\/Accueil_Distinction_LR.jpg\"><img loading=\"lazy\" class=\"aligncenter wp-image-8740\" src=\"http:\/\/cahuntsic.ca\/bulletin-express\/wp-content\/uploads\/2017\/08\/Accueil_Distinction_LR-1024x622.jpg\" alt=\"\" width=\"779\" height=\"473\" srcset=\"http:\/\/cahuntsic.ca\/bulletin-express\/wp-content\/uploads\/2017\/08\/Accueil_Distinction_LR-1024x622.jpg 1024w, http:\/\/cahuntsic.ca\/bulletin-express\/wp-content\/uploads\/2017\/08\/Accueil_Distinction_LR-300x182.jpg 300w, http:\/\/cahuntsic.ca\/bulletin-express\/wp-content\/uploads\/2017\/08\/Accueil_Distinction_LR-600x365.jpg 600w\" sizes=\"(max-width: 779px) 100vw, 779px\" \/><\/a><\/p>\n<p>&nbsp;<\/p>\n<ul>\n<li><strong>Louis Brosseau,\u00a0<\/strong>conseiller en communication au Service des communications;<\/li>\n<li><strong> Alain St-Denis,<\/strong> m\u00e9canicien d\u2019entretien d\u2019\u00e9quipements et\u00a0<strong>M. S\u00e9bastien T\u00e9treault<\/strong>, aide de m\u00e9tier au Service de l\u2019\u00e9quipement;<\/li>\n<li><strong>Mme Sylvie Turbide<\/strong>, agente de soutien administratif au Service de l\u2019organisation de l\u2019enseignement et de la formation continue;<\/li>\n<li><strong>M. Luis Aguirre<\/strong>,\u00a0magasinier au Service de l\u2019approvisionnement;<\/li>\n<li><strong>Mme Chantale Lafrance,<\/strong> agente de soutien administratif au Service des ressources humaines;<\/li>\n<li><strong>Mme Elsa Myotte,<\/strong> enseignante au D\u00e9partement de graphisme;<\/li>\n<li>M. <strong>\u00c9ric Lachance,<\/strong> enseignant et responsable de la coordination d\u00e9partementale au D\u00e9partement de radiodiagnostic;<\/li>\n<li><strong>Mme Christiane Lecomte<\/strong>, enseignante au D\u00e9partement de chimie;<\/li>\n<li><strong>Mme Marye-Claude Plourde<\/strong>, secr\u00e9taire au Service des ressources humaines;<\/li>\n<li><strong>M. R\u00e9gis Talbot<\/strong>, man\u0153uvre \u00e0 la Direction des affaires \u00e9tudiantes;<\/li>\n<li><strong>Mme Isabelle Sabran<\/strong>, technicienne en information \u00e0 la Direction des affaires \u00e9tudiantes;<\/li>\n<li><strong>M. Steve Moreau,<\/strong>\u00a0technicien en travaux pratiques,\u00a0<strong style=\"line-height: 1.5;\">M. Denis Tremblay<\/strong><span style=\"line-height: 1.5;\">, enseignant et M.\u00a0<\/span><strong>M. Guy Dub\u00e9,<\/strong> enseignant au D\u00e9partement de g\u00e9nie civil, g\u00e9omatique et dessin technique, et mention sp\u00e9ciale \u00e0 M. Smail Allache, technicien en travaux pratiques aupr\u00e8s du d\u00e9partement;<\/li>\n<li><strong>M. Christian Moisan<\/strong>, conseiller \u00e0 la vie \u00e9tudiante \u00e0 la Direction des affaires \u00e9tudiantes;<\/li>\n<li><strong>M. Benoit Pothier,<\/strong> enseignant au D\u00e9partement de l\u2019impression;<\/li>\n<li><strong>M. R\u00e9jean Chabot,<\/strong> technicien en informatique \u00e0 la Direction des technologies de l\u2019information;<\/li>\n<li><strong>Mme \u00c9lisabeth Daneault<\/strong>,\u00a0conseill\u00e8re p\u00e9dagogique \u00e0 la Direction adjointe des \u00e9tudes\u00a0aux programmes et \u00e0 l\u2019enseignement;<\/li>\n<li><strong>Mme Anne Le Blanc,<\/strong> directrice adjointe au Service de soutien \u00e0 l\u2019apprentissage, du d\u00e9veloppement p\u00e9dagogique et des activit\u00e9s internationales;<\/li>\n<li><strong>Mme Maryl\u00e8ne Paul,<\/strong> technicienne en \u00e9ducation sp\u00e9cialis\u00e9e aupr\u00e8s du Service de soutien \u00e0 l\u2019apprentissage, du d\u00e9veloppement p\u00e9dagogique et des activit\u00e9s internationales.<\/li>\n<\/ul>\n<p>F\u00e9licitations aux gagnants !<\/p>\n<p><u><\/u><u><\/u><strong>Engagement social\u00a0<\/strong><\/p>\n<p><a href=\"http:\/\/cahuntsic.ca\/bulletin-express\/wp-content\/uploads\/2017\/08\/Accueil_benevolat_LR.jpg\"><img loading=\"lazy\" class=\"alignright wp-image-8758\" src=\"http:\/\/cahuntsic.ca\/bulletin-express\/wp-content\/uploads\/2017\/08\/Accueil_benevolat_LR-1024x606.jpg\" alt=\"\" width=\"425\" height=\"252\" srcset=\"http:\/\/cahuntsic.ca\/bulletin-express\/wp-content\/uploads\/2017\/08\/Accueil_benevolat_LR-1024x606.jpg 1024w, http:\/\/cahuntsic.ca\/bulletin-express\/wp-content\/uploads\/2017\/08\/Accueil_benevolat_LR-300x177.jpg 300w, http:\/\/cahuntsic.ca\/bulletin-express\/wp-content\/uploads\/2017\/08\/Accueil_benevolat_LR-600x355.jpg 600w\" sizes=\"(max-width: 425px) 100vw, 425px\" \/><\/a>Et finalement, dans cette cat\u00e9gorie, les membres du jury ont retenu 4 candidatures\u00a0:<\/p>\n<ol>\n<li><strong>M. Yvon Giroux,<\/strong>\u00a0technicien en travaux pratiques au D\u00e9partement de g\u00e9nie civil. Ce\u00a0laur\u00e9at est d\u00e9crit comme un homme optimiste, engag\u00e9, g\u00e9n\u00e9reux et bienveillant.\u00a0 Il a \u00e0 c\u0153ur les relations humaines et contribue, \u00e0 sa fa\u00e7on, \u00e0 faire du Coll\u00e8ge Ahuntsic un endroit o\u00f9 il fait bon vivre.<\/li>\n<li><strong> Mme Jacinte Chevalier, <\/strong>enseignante au D\u00e9partement de fran\u00e7ais. En plus d&rsquo;\u00eatre membre\u00a0<span style=\"line-height: inherit;\">du jury au concours mensuel de po\u00e9sie, elle en est \u00e9galement la porte-parole et fait le suivi avec les quatre autres membres et le service de l\u2019animation.\u00a0 Elle a \u00e9galement donn\u00e9 de son temps lors de la semaine de valorisation de la langue fran\u00e7aise afin de promouvoir le concours mensuel de po\u00e9sie ainsi que le recueil inter coll\u00e9gial de po\u00e9sie.<\/span><\/li>\n<li><strong>M. Nicola Grenon<\/strong>, enseignant au D\u00e9partement d\u2019informatique. En plus d&rsquo;\u00eatre fortement engag\u00e9\u00a0au sein de sa communaut\u00e9, M. Grenon est membre du Conseil d\u2019\u00e9tablissement de son \u00e9cole de quartier. Il est \u00e9galement le secr\u00e9taire ex\u00e9cutif du comit\u00e9 de parents de la Commission scolaire Marie-Victorin sur la Rive-Sud. Par cet engagement, il maintient le lien avec les repr\u00e9sentants de 63 \u00e9coles. Il est de plusieurs batailles ayant notamment particip\u00e9 au collectif \u00ab Je prot\u00e8ge mon \u00e9cole publique \u00bb.<\/li>\n<li><strong>M. Alain Bernier,<\/strong> enseignant au D\u00e9partement de g\u00e9nie civil, g\u00e9omatique et dessin technique. Enseignant \u00e0 la retraite, il demeure toujours actif aupr\u00e8s de la vie d\u00e9partementale de son d\u00e9partement en pr\u00eatant main-forte lors de besoins en suppl\u00e9ance et en s\u2019occupant de la coordination de diff\u00e9rents programmes de formation continue.\u00a0 En tant que pr\u00e9sident de l\u2019OTPQ (Ordre des technologues professionnels du Qu\u00e9bec), il a n\u00e9goci\u00e9 et sign\u00e9 plusieurs arrangements de reconnaissance mutuelle des comp\u00e9tences touchant les DEC techniques en sciences appliqu\u00e9es.<\/li>\n<\/ol>\n<p><strong>F\u00e9licitations aux laur\u00e9ats et bonne rentr\u00e9e \u00e0 toutes et \u00e0 tous!<\/strong><\/p>\n<p>Source : Direction des ressources humaines<\/p>\n","protected":false},"excerpt":{"rendered":"<p>\u00c0 la journ\u00e9e d&rsquo;accueil du personnel le 18 ao\u00fbt dernier, Nathalie Vall\u00e9e, directrice g\u00e9n\u00e9rale, a livr\u00e9 son message de la rentr\u00e9e. Elle en a profit\u00e9 pour parler des r\u00e9alisations marquantes de l&rsquo;ann\u00e9e 2016-2017 et exposer les projets, des enjeux et des d\u00e9fis de la prochaine ann\u00e9e. Elle a aussi annonc\u00e9 la programmation des festivit\u00e9s du [&hellip;]<\/p>\n","protected":false},"author":2,"featured_media":0,"comment_status":"closed","ping_status":"closed","sticky":false,"template":"","format":"standard","meta":{"_expiration-date-status":"saved","_expiration-date":0,"_expiration-date-type":"","_expiration-date-categories":[],"_expiration-date-options":[]},"categories":[1],"tags":[],"_links":{"self":[{"href":"http:\/\/cahuntsic.ca\/bulletin-express\/wp-json\/wp\/v2\/posts\/8700"}],"collection":[{"href":"http:\/\/cahuntsic.ca\/bulletin-express\/wp-json\/wp\/v2\/posts"}],"about":[{"href":"http:\/\/cahuntsic.ca\/bulletin-express\/wp-json\/wp\/v2\/types\/post"}],"author":[{"embeddable":true,"href":"http:\/\/cahuntsic.ca\/bulletin-express\/wp-json\/wp\/v2\/users\/2"}],"replies":[{"embeddable":true,"href":"http:\/\/cahuntsic.ca\/bulletin-express\/wp-json\/wp\/v2\/comments?post=8700"}],"version-history":[{"count":18,"href":"http:\/\/cahuntsic.ca\/bulletin-express\/wp-json\/wp\/v2\/posts\/8700\/revisions"}],"predecessor-version":[{"id":8762,"href":"http:\/\/cahuntsic.ca\/bulletin-express\/wp-json\/wp\/v2\/posts\/8700\/revisions\/8762"}],"wp:attachment":[{"href":"http:\/\/cahuntsic.ca\/bulletin-express\/wp-json\/wp\/v2\/media?parent=8700"}],"wp:term":[{"taxonomy":"category","embeddable":true,"href":"http:\/\/cahuntsic.ca\/bulletin-express\/wp-json\/wp\/v2\/categories?post=8700"},{"taxonomy":"post_tag","embeddable":true,"href":"http:\/\/cahuntsic.ca\/bulletin-express\/wp-json\/wp\/v2\/tags?post=8700"}],"curies":[{"name":"wp","href":"https:\/\/api.w.org\/{rel}","templated":true}]}}