{"id":907,"date":"2013-10-18T16:11:29","date_gmt":"2013-10-18T15:11:29","guid":{"rendered":"http:\/\/cahuntsic.ca\/bulletin-express\/?p=907"},"modified":"2013-10-18T18:41:50","modified_gmt":"2013-10-18T17:41:50","slug":"isabel-rodriguesconferenciere-dans-un-colloque-international","status":"publish","type":"post","link":"http:\/\/cahuntsic.ca\/bulletin-express\/isabel-rodriguesconferenciere-dans-un-colloque-international\/","title":{"rendered":"Isabel Rodrigues,<br>conf\u00e9renci\u00e8re dans un colloque international"},"content":{"rendered":"<p>Isabel Rodrigues, enseignante en histoire, a prononc\u00e9 une conf\u00e9rence le 17 octobre dernier dans le cadre d&rsquo;un colloque international ayant pour th\u00e8me \u00ab\u00a0<em>Portugal Inside and out<\/em> &#8211; Pr\u00e9sence(s) de la culture lusophone aux \u00e9poques pr\u00e9moderne, moderne et contemporaine \u00bb.<\/p>\n<p>Au cours d&rsquo;un atelier focalis\u00e9 sur le th\u00e8me \u00ab Espaces de la m\u00e9moire et routes de la lusophonie : ville, territoire et identit\u00e9 \u00bb, Mme Rodrigues a pr\u00e9sent\u00e9 sa conf\u00e9rence \u00ab Culture, identit\u00e9 et savoir. La trajectoire de six professeurs de niveau coll\u00e9gial au Qu\u00e9bec \u00bb.<\/p>\n<p>Organis\u00e9 par la Chaire sur la culture portugaise de l&rsquo;Universit\u00e9 de Montr\u00e9al, ce colloque international s&rsquo;est d\u00e9roul\u00e9 du 16 au 18 octobre dernier dans l&rsquo;\u00e9difice des HEC.<\/p>\n<p><a href=\"http:\/\/cahuntsic.ca\/bulletin-express\/wp-content\/uploads\/2013\/10\/Programme-5-oct.pdf\">&gt;&gt;&gt; Consulter le programme du colloque<\/a><\/p>\n<p>Source : Service des communications<\/p>\n<p>&nbsp;<\/p>\n","protected":false},"excerpt":{"rendered":"<p>Isabel Rodrigues, enseignante en histoire, a prononc\u00e9 une conf\u00e9rence le 17 octobre dernier dans le cadre d&rsquo;un colloque international ayant pour th\u00e8me \u00ab\u00a0Portugal Inside and out &#8211; Pr\u00e9sence(s) de la culture lusophone aux \u00e9poques pr\u00e9moderne, moderne et contemporaine \u00bb. Au cours d&rsquo;un atelier focalis\u00e9 sur le th\u00e8me \u00ab Espaces de la m\u00e9moire et routes de [&hellip;]<\/p>\n","protected":false},"author":2,"featured_media":910,"comment_status":"closed","ping_status":"closed","sticky":false,"template":"","format":"standard","meta":{"_expiration-date-status":"saved","_expiration-date":0,"_expiration-date-type":"","_expiration-date-categories":[],"_expiration-date-options":[]},"categories":[2],"tags":[],"_links":{"self":[{"href":"http:\/\/cahuntsic.ca\/bulletin-express\/wp-json\/wp\/v2\/posts\/907"}],"collection":[{"href":"http:\/\/cahuntsic.ca\/bulletin-express\/wp-json\/wp\/v2\/posts"}],"about":[{"href":"http:\/\/cahuntsic.ca\/bulletin-express\/wp-json\/wp\/v2\/types\/post"}],"author":[{"embeddable":true,"href":"http:\/\/cahuntsic.ca\/bulletin-express\/wp-json\/wp\/v2\/users\/2"}],"replies":[{"embeddable":true,"href":"http:\/\/cahuntsic.ca\/bulletin-express\/wp-json\/wp\/v2\/comments?post=907"}],"version-history":[{"count":3,"href":"http:\/\/cahuntsic.ca\/bulletin-express\/wp-json\/wp\/v2\/posts\/907\/revisions"}],"predecessor-version":[{"id":918,"href":"http:\/\/cahuntsic.ca\/bulletin-express\/wp-json\/wp\/v2\/posts\/907\/revisions\/918"}],"wp:featuredmedia":[{"embeddable":true,"href":"http:\/\/cahuntsic.ca\/bulletin-express\/wp-json\/wp\/v2\/media\/910"}],"wp:attachment":[{"href":"http:\/\/cahuntsic.ca\/bulletin-express\/wp-json\/wp\/v2\/media?parent=907"}],"wp:term":[{"taxonomy":"category","embeddable":true,"href":"http:\/\/cahuntsic.ca\/bulletin-express\/wp-json\/wp\/v2\/categories?post=907"},{"taxonomy":"post_tag","embeddable":true,"href":"http:\/\/cahuntsic.ca\/bulletin-express\/wp-json\/wp\/v2\/tags?post=907"}],"curies":[{"name":"wp","href":"https:\/\/api.w.org\/{rel}","templated":true}]}}