{"id":9362,"date":"2017-11-10T14:39:16","date_gmt":"2017-11-10T19:39:16","guid":{"rendered":"http:\/\/cahuntsic.ca\/bulletin-express\/?p=9362"},"modified":"2017-11-10T16:44:49","modified_gmt":"2017-11-10T21:44:49","slug":"midi-musique","status":"publish","type":"post","link":"http:\/\/cahuntsic.ca\/bulletin-express\/midi-musique\/","title":{"rendered":"Midi Musique"},"content":{"rendered":"<p><img loading=\"lazy\" class=\"alignright size-full wp-image-9355\" src=\"http:\/\/cahuntsic.ca\/bulletin-express\/wp-content\/uploads\/2013\/09\/midi-musique-novembre.png\" alt=\"\" width=\"257\" height=\"400\" srcset=\"http:\/\/cahuntsic.ca\/bulletin-express\/wp-content\/uploads\/2013\/09\/midi-musique-novembre.png 257w, http:\/\/cahuntsic.ca\/bulletin-express\/wp-content\/uploads\/2013\/09\/midi-musique-novembre-193x300.png 193w\" sizes=\"(max-width: 257px) 100vw, 257px\" \/><\/p>\n<p class=\"p1\"><span class=\"s1\">Deux midi-musique qui auront lieu les 22 et 23 novembre prochains, \u00e0 L&rsquo;ESPACE LE VRAI MONDE? . Vous pourrez y entendre des pi\u00e8ces de musique classique interpr\u00e9t\u00e9es par des membres du personnel et par des \u00e9tudiants.\u00a0<\/span><\/p>\n<p class=\"p1\"><span class=\"s1\">Les auditeurs seront invit\u00e9s \u00e0 s&rsquo;asseoir sur des chaises dispos\u00e9es \u00e0 quelques m\u00e8tres du piano, sur la sc\u00e8ne de l&rsquo;auditorium. Les solistes pr\u00e9senteront au auditeurs les oeuvres qu&rsquo;ils vont interpr\u00e9ter. Il sera exceptionnellement permis de manger sur la sc\u00e8ne de l&rsquo;auditorium o\u00f9 se d\u00e9roulera l&rsquo;activit\u00e9.<\/span><\/p>\n<p>Avec<\/p>\n<p>Sylvia DEPTA &#8211;\u00a0Violon<\/p>\n<p>Luc SAINT-LOUIS &#8211;\u00a0Fl\u00fbte<\/p>\n<p>Annie MURRAY &#8211;\u00a0Violon<\/p>\n<p>Emile ROSE &#8211;\u00a0Piano<\/p>\n<p>Jean TRUDELLE &#8211;\u00a0Piano<\/p>\n<p>Emilie\u00a0DUROCHER-DEGRANDPRE &#8211;\u00a0Violon<\/p>\n<p class=\"p1\"><em>Source : Jean Trudelle<\/em><\/p>\n","protected":false},"excerpt":{"rendered":"<p>Deux midi-musique qui auront lieu les 22 et 23 novembre prochains, \u00e0 L&rsquo;ESPACE LE VRAI MONDE? . Vous pourrez y entendre des pi\u00e8ces de musique classique interpr\u00e9t\u00e9es par des membres du personnel et par des \u00e9tudiants.\u00a0 Les auditeurs seront invit\u00e9s \u00e0 s&rsquo;asseoir sur des chaises dispos\u00e9es \u00e0 quelques m\u00e8tres du piano, sur la sc\u00e8ne de [&hellip;]<\/p>\n","protected":false},"author":7,"featured_media":0,"comment_status":"closed","ping_status":"closed","sticky":false,"template":"","format":"standard","meta":{"_expiration-date-status":"saved","_expiration-date":0,"_expiration-date-type":"","_expiration-date-categories":[],"_expiration-date-options":[]},"categories":[2],"tags":[],"_links":{"self":[{"href":"http:\/\/cahuntsic.ca\/bulletin-express\/wp-json\/wp\/v2\/posts\/9362"}],"collection":[{"href":"http:\/\/cahuntsic.ca\/bulletin-express\/wp-json\/wp\/v2\/posts"}],"about":[{"href":"http:\/\/cahuntsic.ca\/bulletin-express\/wp-json\/wp\/v2\/types\/post"}],"author":[{"embeddable":true,"href":"http:\/\/cahuntsic.ca\/bulletin-express\/wp-json\/wp\/v2\/users\/7"}],"replies":[{"embeddable":true,"href":"http:\/\/cahuntsic.ca\/bulletin-express\/wp-json\/wp\/v2\/comments?post=9362"}],"version-history":[{"count":2,"href":"http:\/\/cahuntsic.ca\/bulletin-express\/wp-json\/wp\/v2\/posts\/9362\/revisions"}],"predecessor-version":[{"id":9369,"href":"http:\/\/cahuntsic.ca\/bulletin-express\/wp-json\/wp\/v2\/posts\/9362\/revisions\/9369"}],"wp:attachment":[{"href":"http:\/\/cahuntsic.ca\/bulletin-express\/wp-json\/wp\/v2\/media?parent=9362"}],"wp:term":[{"taxonomy":"category","embeddable":true,"href":"http:\/\/cahuntsic.ca\/bulletin-express\/wp-json\/wp\/v2\/categories?post=9362"},{"taxonomy":"post_tag","embeddable":true,"href":"http:\/\/cahuntsic.ca\/bulletin-express\/wp-json\/wp\/v2\/tags?post=9362"}],"curies":[{"name":"wp","href":"https:\/\/api.w.org\/{rel}","templated":true}]}}